{"id":514,"date":"2021-01-22T03:00:00","date_gmt":"2021-01-22T06:00:00","guid":{"rendered":"http:\/\/vocesdebaires.com.ar\/wordpress\/index.php\/2021\/01\/22\/parque-centenario-la-portuaria-gratis-al-aire-libre\/"},"modified":"2021-01-22T03:00:00","modified_gmt":"2021-01-22T06:00:00","slug":"parque-centenario-la-portuaria-gratis-al-aire-libre","status":"publish","type":"post","link":"https:\/\/vocesdebaires.com.ar\/index.php\/2021\/01\/22\/parque-centenario-la-portuaria-gratis-al-aire-libre\/","title":{"rendered":"Parque Centenario: La Portuaria, gratis al aire libre"},"content":{"rendered":"<p>Ser\u00e1 un show que recorrer\u00e1 sus m\u00e1s grandes \u00e9xitos, fundamentalmente el repertorio de Escenas de la Vida Amorosa, Devorador de Corazones, y Huija. El setlist tendr\u00e1 un momento orquestal ac\u00fastico y otro jazz y groveero. Ven\u00ed a disfrutar del primer concierto del a\u00f1o de la emblem\u00e1tica banda de rock integrada por Diego Frenkel, Christian Basso, Sebasti\u00e1n Schachtel, Alejandro Ter\u00e1n, Axel Krygier, Adi Azicri y Fernando Samalea (quien se incorpora por primera vez como baterista).<\/p>\n<p>Te esperamos en el Anfiteatro del Parque Centenario, Av. Lillo y Av. Patricias Argentinas. La entrada es gratuita y con reserva previa. \u00a1Reserv\u00e1 tu entrada! Los cupos son limitados. Es importante que sigamos cuid\u00e1ndonos entre todos por eso para disfrutar responsablemente de los shows segu\u00ed estas recomendaciones:<\/p>\n<p><strong>Us\u00e1 tapabocas: es obligatorio para tu protecci\u00f3n y la de los dem\u00e1s<br \/>Manten\u00e9 una distancia de 2 metros con otras personas<br \/>Lavate las manos con frecuencia<br \/>Respet\u00e1 las marcas de se\u00f1alizaci\u00f3n que hay en los espacios y las indicaciones del personal<br \/>La Portuaria :Mi\u00e9rcoles 27 de enero &#8211; 20 h<\/strong><\/p>\n","protected":false},"excerpt":{"rendered":"<p>Ser\u00e1 un show que recorrer\u00e1 sus m\u00e1s grandes \u00e9xitos, fundamentalmente el repertorio de Escenas de la Vida Amorosa, Devorador de Corazones, y Huija. El setlist tendr\u00e1 un momento orquestal ac\u00fastico y otro jazz y groveero. Ven\u00ed a disfrutar del primer concierto del a\u00f1o de la emblem\u00e1tica banda de rock integrada por Diego Frenkel, Christian Basso, [&hellip;]<\/p>\n","protected":false},"author":1,"featured_media":515,"comment_status":"open","ping_status":"open","sticky":false,"template":"","format":"standard","meta":{"_et_pb_use_builder":"","_et_pb_old_content":"","_et_gb_content_width":"","footnotes":""},"categories":[11,32],"tags":[],"class_list":["post-514","post","type-post","status-publish","format-standard","has-post-thumbnail","hentry","category-ciudad","category-comunas"],"_links":{"self":[{"href":"https:\/\/vocesdebaires.com.ar\/index.php\/wp-json\/wp\/v2\/posts\/514"}],"collection":[{"href":"https:\/\/vocesdebaires.com.ar\/index.php\/wp-json\/wp\/v2\/posts"}],"about":[{"href":"https:\/\/vocesdebaires.com.ar\/index.php\/wp-json\/wp\/v2\/types\/post"}],"author":[{"embeddable":true,"href":"https:\/\/vocesdebaires.com.ar\/index.php\/wp-json\/wp\/v2\/users\/1"}],"replies":[{"embeddable":true,"href":"https:\/\/vocesdebaires.com.ar\/index.php\/wp-json\/wp\/v2\/comments?post=514"}],"version-history":[{"count":0,"href":"https:\/\/vocesdebaires.com.ar\/index.php\/wp-json\/wp\/v2\/posts\/514\/revisions"}],"wp:featuredmedia":[{"embeddable":true,"href":"https:\/\/vocesdebaires.com.ar\/index.php\/wp-json\/wp\/v2\/media\/515"}],"wp:attachment":[{"href":"https:\/\/vocesdebaires.com.ar\/index.php\/wp-json\/wp\/v2\/media?parent=514"}],"wp:term":[{"taxonomy":"category","embeddable":true,"href":"https:\/\/vocesdebaires.com.ar\/index.php\/wp-json\/wp\/v2\/categories?post=514"},{"taxonomy":"post_tag","embeddable":true,"href":"https:\/\/vocesdebaires.com.ar\/index.php\/wp-json\/wp\/v2\/tags?post=514"}],"curies":[{"name":"wp","href":"https:\/\/api.w.org\/{rel}","templated":true}]}}