{"id":5146,"date":"2019-06-13T03:00:00","date_gmt":"2019-06-13T06:00:00","guid":{"rendered":"http:\/\/vocesdebaires.com.ar\/wordpress\/index.php\/2019\/06\/13\/los-profusos-guionistas-galardonados\/"},"modified":"2019-06-13T03:00:00","modified_gmt":"2019-06-13T06:00:00","slug":"los-profusos-guionistas-galardonados","status":"publish","type":"post","link":"https:\/\/vocesdebaires.com.ar\/index.php\/2019\/06\/13\/los-profusos-guionistas-galardonados\/","title":{"rendered":"Los profusos guionistas  galardonados"},"content":{"rendered":"<p>Los guionistas Sergio Vainman y Jorge Maestro (Mordkowicz), fueron declarados personalidad destacada de la Cultura durante un acto en el Sal\u00f3n Montevideo. El legislador Guillermo Gonz\u00e1lez Heredia (VJ) afirm\u00f3 que \u201ceste reconocimiento tiene que ver con algo generacional, me acuerdo de la Banda del Golden Rocket\u201d y valor\u00f3 \u201cun v\u00ednculo de m\u00e1s de 40 a\u00f1os, inusual, in\u00e9dito\u201d, entre los dos autores que se convirtieron \u201cen una tercera identidad, Maestro y Vainman\u201d.\u00a0 El legislador agradeci\u00f3 a ambos: \u201chemos disfrutado de sus libretos\u201d.<\/p>\n<p>Hugo Di Giglielmo, director de programaci\u00f3n en Canal 13, que trabaj\u00f3 con los homenajeados entre 1990 y 1997 manifest\u00f3 que \u201ceste es un premio muy merecido, tienen mucho talento, no hay ninguna duda, han escrito de todo; para chicos, j\u00f3venes, adolescentes, drama, unitarios, tiras, teatro\u201d y gran cantidad de g\u00e9neros.\u00a0 Record\u00f3 que el lleg\u00f3 al canal luego de la privatizaci\u00f3n y Vainman y Maestro, ya eran reconocidos, con su \u00e9xito del momento: Clave de Sol. Sin embargo, se abrieron hacia \u00e9l y lograron conformar un nuevo producto, La Banda del Golden Rocket.<\/p>\n<p>Maestro agradeci\u00f3 la distinci\u00f3n y a todos los presentes, entre los que se encontraban actores y trabajadores de los medios. Vainman record\u00f3 que su padre fue funcionario en la actual Legislatura: \u201clas cosas son circulares\u201d. \u201cEn un mundo de relaciones ef\u00edmeras y superficiales, haber mantenido la amistad y sociedad, durante 55 a\u00f1os, es valorable\u201d, afirm\u00f3 el guionista. Durante el acto, estuvieron presentes los legisladores Gast\u00f3n Blanchetiere, Eduardo Santamarina y Ariel \u00c1lvarez Palma (VJ). Adem\u00e1s se declar\u00f3 de inter\u00e9s el libro \u201cMaestro y Vainman, 36 de a\u00f1os de historia y televisi\u00f3n que vimos\u201d.<\/p>\n<p>Guiones en TV realizados<br \/>2017. Vida de pel\u00edcula.2014. Mis amigos de siempre .2013. Farsantes.2013. Historia cl\u00ednica.2012. La pelu 2008. Por amor a vos. 2006. Los gladiadores de Pompeya.2004. Los machos de Am\u00e9rica.<\/p>\n","protected":false},"excerpt":{"rendered":"<p>Los guionistas Sergio Vainman y Jorge Maestro (Mordkowicz), fueron declarados personalidad destacada de la Cultura durante un acto en el Sal\u00f3n Montevideo. El legislador Guillermo Gonz\u00e1lez Heredia (VJ) afirm\u00f3 que \u201ceste reconocimiento tiene que ver con algo generacional, me acuerdo de la Banda del Golden Rocket\u201d y valor\u00f3 \u201cun v\u00ednculo de m\u00e1s de 40 a\u00f1os, [&hellip;]<\/p>\n","protected":false},"author":1,"featured_media":5147,"comment_status":"open","ping_status":"open","sticky":false,"template":"","format":"standard","meta":{"_et_pb_use_builder":"","_et_pb_old_content":"","_et_gb_content_width":"","footnotes":""},"categories":[11,33],"tags":[],"class_list":["post-5146","post","type-post","status-publish","format-standard","has-post-thumbnail","hentry","category-ciudad","category-sociedad-y-cultura-2"],"_links":{"self":[{"href":"https:\/\/vocesdebaires.com.ar\/index.php\/wp-json\/wp\/v2\/posts\/5146"}],"collection":[{"href":"https:\/\/vocesdebaires.com.ar\/index.php\/wp-json\/wp\/v2\/posts"}],"about":[{"href":"https:\/\/vocesdebaires.com.ar\/index.php\/wp-json\/wp\/v2\/types\/post"}],"author":[{"embeddable":true,"href":"https:\/\/vocesdebaires.com.ar\/index.php\/wp-json\/wp\/v2\/users\/1"}],"replies":[{"embeddable":true,"href":"https:\/\/vocesdebaires.com.ar\/index.php\/wp-json\/wp\/v2\/comments?post=5146"}],"version-history":[{"count":0,"href":"https:\/\/vocesdebaires.com.ar\/index.php\/wp-json\/wp\/v2\/posts\/5146\/revisions"}],"wp:featuredmedia":[{"embeddable":true,"href":"https:\/\/vocesdebaires.com.ar\/index.php\/wp-json\/wp\/v2\/media\/5147"}],"wp:attachment":[{"href":"https:\/\/vocesdebaires.com.ar\/index.php\/wp-json\/wp\/v2\/media?parent=5146"}],"wp:term":[{"taxonomy":"category","embeddable":true,"href":"https:\/\/vocesdebaires.com.ar\/index.php\/wp-json\/wp\/v2\/categories?post=5146"},{"taxonomy":"post_tag","embeddable":true,"href":"https:\/\/vocesdebaires.com.ar\/index.php\/wp-json\/wp\/v2\/tags?post=5146"}],"curies":[{"name":"wp","href":"https:\/\/api.w.org\/{rel}","templated":true}]}}