{"id":516,"date":"2021-01-22T03:00:00","date_gmt":"2021-01-22T06:00:00","guid":{"rendered":"http:\/\/vocesdebaires.com.ar\/wordpress\/index.php\/2021\/01\/22\/se-viene-abasto-barrio-cultural-con-actividades\/"},"modified":"2021-01-22T03:00:00","modified_gmt":"2021-01-22T06:00:00","slug":"se-viene-abasto-barrio-cultural-con-actividades","status":"publish","type":"post","link":"https:\/\/vocesdebaires.com.ar\/index.php\/2021\/01\/22\/se-viene-abasto-barrio-cultural-con-actividades\/","title":{"rendered":"Se viene Abasto Barrio Cultural con actividades"},"content":{"rendered":"<p>El Ministerio de Cultura de la Ciudad y el Ministerio de Espacio P\u00fablico de la Ciudad, en conjunto con el sector independiente llevar\u00e1n a cabo desde el 22 de enero al 14 de marzo Abasto Barrio Cultural, una iniciativa que busca acompa\u00f1ar a la cultura independiente en tiempos de distanciamiento social. Adem\u00e1s, el Ministerio de Cultura sumar\u00e1 propuestas propias y a trav\u00e9s de Patrimonio BA se realizar\u00e1n actividades de divulgaci\u00f3n y promoci\u00f3n del patrimonio material e inmaterial de la zona del Abasto junto a distintos actores de la cultura local. Todas las propuestas se regir\u00e1n bajo el Protocolo para la Realizaci\u00f3n de Eventos Culturales al Aire Libre con P\u00fablico en la Ciudad Aut\u00f3noma de Buenos Aires.<\/p>\n<p>Los vecinos podr\u00e1n disfrutar de una programaci\u00f3n \u00fanica que incluir\u00e1 a los 49 proyectos seleccionados de la convocatoria Abasto Abierto, todos los viernes, s\u00e1bados y domingos en tres puntos emblem\u00e1ticos de la Ciudad: las escalinatas del Abasto Shopping, el espacio Patio Salguero y el Parque de la Estaci\u00f3n. All\u00ed se presentar\u00e1n propuestas art\u00edsticas de distintas disciplinas como m\u00fasica, teatro y danza, con una gran oferta para el p\u00fablico infantil. Habr\u00e1 actividades, desarrolladas por el Ministerio de Cultura de la Ciudad, con entrada gratuita; y programaci\u00f3n desarrollada por los espacios culturales independientes con entradas accesibles y a la gorra. Durante este primer fin de semana, del 22 al 24 de enero, habr\u00e1 programaci\u00f3n con actividades en el espacio Patio Salguero y en las escalinatas del Abasto.<\/p>\n<p><strong>Programaci\u00f3n Abasto Abierto<br \/>Viernes 22<\/strong><br \/>Las Estatuas<br \/>20.30 a 21.20h &#8211; Patio Salguero (Jer\u00f3nimo Salguero 741).<br \/>Archibrazo: Espect\u00e1culo infantil, con entrada y reserva previa en la web del espacio.<\/p>\n<p><strong>JJ Circuito Cultural<\/strong><br \/>22:05 a 22:55h &#8211; Patio Salguero (Jer\u00f3nimo Salguero 741).<br \/>Tablao Flamenco: Espect\u00e1culo de danza, con entrada y reserva previa en la web del espacio.<\/p>\n<p><strong>Fundaci\u00f3n de la Tierra<\/strong><br \/>8:20 a 18:50 h &#8211; Escalinatas del Abasto (Ag\u00fcero y Guardia Vieja).<br \/>Cuentacuentos Mariela de la Sota: Espect\u00e1culo infantil gratuito, con capacidad sujeta a disponibilidad.<\/p>\n<p><strong>La Vieja Guarida<\/strong><br \/>19:35 a 20:25 h &#8211; Escalinatas del Abasto (Ag\u00fcero y Guardia Vieja).<br \/>Avarete: Espect\u00e1culo de teatro para la familia con entrada y reserva previa en la web del espacio.<\/p>\n<p><strong>Festival LLeg\u00e1s Vera Vera<\/strong><br \/>21:10 a 22:00h &#8211; Escalinatas del Abasto (Ag\u00fcero y Guardia Vieja).<br \/>Improplay: Espect\u00e1culo gratuito, con capacidad sujeta a disponibilidad. Teatro para adultos.<\/p>\n<p><strong>S\u00e1bado 23<br \/>Festival LLeg\u00e1s Vera Vera<\/strong><br \/>22:30 a 21:20h &#8211; Patio Salguero (Jer\u00f3nimo Salguero 741).<br \/>Republiquetas: Espect\u00e1culo gratuito, con capacidad sujeta a disponibilidad. Teatro para toda la familia.<\/p>\n<p><strong>Festival LLeg\u00e1s Vera Vera<\/strong><br \/>S\u00e1bado 23, 22:05 a 22:55h &#8211; Patio Salguero (Jer\u00f3nimo Salguero 741).<br \/>La elegida: Espect\u00e1culo gratuito, con capacidad sujeta a disponibilidad. Teatro para adultos.<\/p>\n<p><strong>Fundaci\u00f3n de la Tierra<\/strong><br \/>S\u00e1bado 23, 18:20 a 18:50 h &#8211; Escalinatas del Abasto (Ag\u00fcero y Guardia Vieja).<br \/>Cuentacuentos Mariela de la Sota: Espect\u00e1culo infantil gratuito, con capacidad sujeta a disponibilidad.<\/p>\n<p><strong>El Archibrazo<\/strong><br \/>S\u00e1bado 23, 19:35 a 20:25h &#8211; Escalinatas del Abasto (Ag\u00fcero y Guardia Vieja).<br \/>Las Estatuas: Espect\u00e1culo infantil, con entrada y reserva previa en la web del espacio.<\/p>\n<p><strong>La Vieja Guarida<\/strong><br \/>S\u00e1bado 23, 21:10 a 22:00h &#8211; Escalinatas del Abasto (Ag\u00fcero y Guardia Vieja).<br \/>Avarete: Espect\u00e1culo de teatro para la familia, con entrada y reserva previa en la web del espacio.<\/p>\n<p><strong>Las fechas est\u00e1n sujetas a cambios clim\u00e1ticos y a protocolos de la organizaci\u00f3n<\/strong><\/p>\n<p><strong>Ciclo de charlas en bares notables<\/strong><br \/>Adem\u00e1s, los locales m\u00e1s emblem\u00e1ticos de la Ciudad se transforman en un espacio de discusi\u00f3n de diversos temas, como parte de las actividades de verano. Con el cuidado y los protocolos de seguridad necesarios, estos puntos de encuentro se abren para hablar sobre el patrimonio cultural de la Ciudad: Viernes 22 a las 18 hs &#8211; Hallazgos Prehist\u00f3ricos en el Mercado Paleontolog\u00eda del Abasto a cargo de Horacio Padula en Bar Roma (Dr. Tom\u00e1s Manuel de Anchorena 806).<\/p>\n<p><strong>Peatonalizaci\u00f3n<\/strong><br \/>En esta oportunidad Abasto Barrio Cultural contar\u00e1 este viernes y s\u00e1bado con \u00e1reas peatonalizadas en la calle Guardia Vieja entre S\u00e1nchez de Bustamante y Salguero e incluir\u00e1 a los espacios: Guarda la Vieja (junto a Jungla) El Bander\u00edn, La vieja Guarida, Ladran Sancho y Zorra Bar. En total ser\u00e1n nueve cuadras con \u00e1reas de peatonalizaci\u00f3n que ir\u00e1n altern\u00e1ndose y que beneficiar\u00e1n a m\u00e1s de 15 espacios culturales. 1 Abasto Barrio Cultural es una herramienta para que la cultura independiente se apropie del espacio p\u00fablico del Abasto como escenario a cielo abierto para desarrollar su arte. En una primera instancia con \u00e1reas peatonales transitorias y pensando una programaci\u00f3n de verano para el disfrute de los vecinos.<\/p>\n","protected":false},"excerpt":{"rendered":"<p>El Ministerio de Cultura de la Ciudad y el Ministerio de Espacio P\u00fablico de la Ciudad, en conjunto con el sector independiente llevar\u00e1n a cabo desde el 22 de enero al 14 de marzo Abasto Barrio Cultural, una iniciativa que busca acompa\u00f1ar a la cultura independiente en tiempos de distanciamiento social. Adem\u00e1s, el Ministerio de [&hellip;]<\/p>\n","protected":false},"author":1,"featured_media":517,"comment_status":"open","ping_status":"open","sticky":false,"template":"","format":"standard","meta":{"_et_pb_use_builder":"","_et_pb_old_content":"","_et_gb_content_width":"","footnotes":""},"categories":[11,32],"tags":[],"class_list":["post-516","post","type-post","status-publish","format-standard","has-post-thumbnail","hentry","category-ciudad","category-comunas"],"_links":{"self":[{"href":"https:\/\/vocesdebaires.com.ar\/index.php\/wp-json\/wp\/v2\/posts\/516"}],"collection":[{"href":"https:\/\/vocesdebaires.com.ar\/index.php\/wp-json\/wp\/v2\/posts"}],"about":[{"href":"https:\/\/vocesdebaires.com.ar\/index.php\/wp-json\/wp\/v2\/types\/post"}],"author":[{"embeddable":true,"href":"https:\/\/vocesdebaires.com.ar\/index.php\/wp-json\/wp\/v2\/users\/1"}],"replies":[{"embeddable":true,"href":"https:\/\/vocesdebaires.com.ar\/index.php\/wp-json\/wp\/v2\/comments?post=516"}],"version-history":[{"count":0,"href":"https:\/\/vocesdebaires.com.ar\/index.php\/wp-json\/wp\/v2\/posts\/516\/revisions"}],"wp:featuredmedia":[{"embeddable":true,"href":"https:\/\/vocesdebaires.com.ar\/index.php\/wp-json\/wp\/v2\/media\/517"}],"wp:attachment":[{"href":"https:\/\/vocesdebaires.com.ar\/index.php\/wp-json\/wp\/v2\/media?parent=516"}],"wp:term":[{"taxonomy":"category","embeddable":true,"href":"https:\/\/vocesdebaires.com.ar\/index.php\/wp-json\/wp\/v2\/categories?post=516"},{"taxonomy":"post_tag","embeddable":true,"href":"https:\/\/vocesdebaires.com.ar\/index.php\/wp-json\/wp\/v2\/tags?post=516"}],"curies":[{"name":"wp","href":"https:\/\/api.w.org\/{rel}","templated":true}]}}