{"id":5162,"date":"2019-06-12T03:00:00","date_gmt":"2019-06-12T06:00:00","guid":{"rendered":"http:\/\/vocesdebaires.com.ar\/wordpress\/index.php\/2019\/06\/12\/fue-inaugurado-centro-de-monitoreo\/"},"modified":"2019-06-12T03:00:00","modified_gmt":"2019-06-12T06:00:00","slug":"fue-inaugurado-centro-de-monitoreo","status":"publish","type":"post","link":"https:\/\/vocesdebaires.com.ar\/index.php\/2019\/06\/12\/fue-inaugurado-centro-de-monitoreo\/","title":{"rendered":"Fue inaugurado Centro de Monitoreo:"},"content":{"rendered":"<p>El jefe de Gobierno porte\u00f1o, Horacio Rodr\u00edguez Larreta; la ministra de Seguridad de la Naci\u00f3n, Patricia Bullrich, y el vicejefe y ministro de Justicia y Seguridad porte\u00f1o, Diego Santilli, inauguraron ayer martes el Centro de Monitoreo Urbano (CMU) de Chacarita, el m\u00e1s grande de Am\u00e9rica Latina, que controlar\u00e1 7.329 c\u00e1maras en calles y subtes para prevenir delitos e intervenir de una forma m\u00e1s r\u00e1pida. &quot;Gracias al trabajo en equipo con el Gobierno nacional hoy tenemos el mejor y m\u00e1s grande centro de video-vigilancia de Latinoam\u00e9rica.&quot;, expres\u00f3 Rodr\u00edguez Larreta. El CMU va a estar operado por personal policial y civil con amplia experiencia en el monitoreo de video-vigilancia. De este modo, van a apoyar las investigaciones policiales y colaborar con los pedidos judiciales de una forma m\u00e1s \u00e1gil y precisa.<\/p>\n<p>Adem\u00e1s, el Jefe de Gobierno porte\u00f1o indic\u00f3 que &quot;esto es parte de un Plan Integral de Seguridad que incluye sacar m\u00e1s polic\u00edas a la calle y la incorporaci\u00f3n de m\u00e1s tecnolog\u00eda&quot;, y agreg\u00f3: &quot;Empezamos la gesti\u00f3n con m\u00e1s de 2.000 c\u00e1maras y hoy ya tenemos m\u00e1s de 7.000&quot;.&quot;A trav\u00e9s de las c\u00e1maras hemos puesto a disposici\u00f3n de la Justicia a ladrones, violadores, asesinos y narcotraficantes&quot;, sostuvo.En esa l\u00ednea inform\u00f3 que &quot;baj\u00f3 m\u00e1s del 50% el robo de autos en la Ciudad&quot;, y resalt\u00f3 en este punto lo realizado por el Anillo Digital.<\/p>\n<p>&quot;Es una preocupaci\u00f3n de todos seguir trabajando por una mayor seguridad de los vecinos, por eso el pr\u00f3ximo paso ser\u00e1 incorporar 4.000 c\u00e1maras en los colectivos&quot;, complet\u00f3 Rodr\u00edguez Larreta. En tanto, Bullrich apunt\u00f3 que &quot;hoy los vecinos est\u00e1n recibiendo algo sumamente importante&quot;, y detall\u00f3: \u201cEstar\u00e1n m\u00e1s protegidos, m\u00e1s seguros y van a tener a qui\u00e9n acudir en cada una de las circunstancias\u201d.\u201cEstos centros han demostrado en el mundo entero que son importantes para bajar el delito y prevenir\u201d, manifest\u00f3 la ministra de Seguridad de la Naci\u00f3n.<\/p>\n<p>Asimismo, Santilli dijo que &quot;gracias a este trabajo que se est\u00e1 llevando a cabo en la Ciudad ya hay 89% menos de secuestros&quot;, y a\u00f1adi\u00f3: &quot;Tambi\u00e9n pasamos de 6.000 a 18.000 polic\u00edas en la calle&quot;.En relaci\u00f3n al Sistema de Reconocimiento Facial, remarc\u00f3 que gracias a \u00e9l &quot;724 pr\u00f3fugos fueron puestos a disposici\u00f3n de la Justicia&quot;, y reconoci\u00f3: &quot;Nuestro compromiso con la seguridad es absoluto e inclaudicable&quot;.Tambi\u00e9n participaron de la actividad el jefe de Gabinete porte\u00f1o, Felipe Miguel; y el secretario de Seguridad, Marcelo D&#8217;Alessandro.<\/p>\n<p>El nuevo centro se encuentra en la intersecci\u00f3n de las avenidas Jorge Newbery y Guzm\u00e1n, al lado del Centro \u00danico de Coordinaci\u00f3n y Control (CUCC), y cuenta con una superficie total de 1.575 metros cuadrados. Funciona las 24 horas, los 365 d\u00edas del a\u00f1o.Este edificio genera 191 puestos de trabajo, entre las \u00e1reas de Registro de Im\u00e1genes, Gesti\u00f3n de Calidad, Judiciales, y la Sala de Monitoreo. Pr\u00f3ximamente, va a operar con 4.000 c\u00e1maras m\u00e1s instaladas en colectivos.<\/p>\n<p>Cuenta con un videowall central con 48 pantallas de 55 pulgadas, puestos de operaci\u00f3n equipados con un monitor curvo de 49 pulgadas, computadoras de \u00faltima generaci\u00f3n con capacidad para procesar im\u00e1genes a alt\u00edsima calidad y visualizar en 4K.En cuanto a las c\u00e1maras, cuentan con resoluci\u00f3n 4K y est\u00e1n instaladas en puntos de captura, cada uno conformado por cuatro c\u00e1maras fijas y un domo de vista panor\u00e1mica.Pueden visualizar escenas con muy poca luz y condiciones clim\u00e1ticas adversas. Poseen autofoco y su configuraci\u00f3n permite una visualizaci\u00f3n de 360 grados desde el punto de instalaci\u00f3n. Los nuevos domos tienen un zoom \u00f3ptico de 30X y alta velocidad de movimiento.<\/p>\n<p>Las c\u00e1maras de videovigilancia funcionan con un Sistema de Reconocimiento Facial, una tecnolog\u00eda implementada para identificar los rostros de los delincuentes pr\u00f3fugos de la Justicia en menos de medio segundo. Esto es posible gracias a una base de datos otorgada por Consulta Nacional de Rebeld\u00edas y Capturas (Co.Na.R.C), que dispone de im\u00e1genes de los delincuentes.Este sistema genera alertas de coincidencias \u00fanicamente con personas incluidas en la base de datos. Cada vez que se detectan, los operadores de los centros de monitoreo avisan a los agentes m\u00e1s cercanos para que intervengan y pongan al delincuente a disposici\u00f3n de la Justicia.<\/p>\n","protected":false},"excerpt":{"rendered":"<p>El jefe de Gobierno porte\u00f1o, Horacio Rodr\u00edguez Larreta; la ministra de Seguridad de la Naci\u00f3n, Patricia Bullrich, y el vicejefe y ministro de Justicia y Seguridad porte\u00f1o, Diego Santilli, inauguraron ayer martes el Centro de Monitoreo Urbano (CMU) de Chacarita, el m\u00e1s grande de Am\u00e9rica Latina, que controlar\u00e1 7.329 c\u00e1maras en calles y subtes para [&hellip;]<\/p>\n","protected":false},"author":1,"featured_media":5163,"comment_status":"open","ping_status":"open","sticky":false,"template":"","format":"standard","meta":{"_et_pb_use_builder":"","_et_pb_old_content":"","_et_gb_content_width":"","footnotes":""},"categories":[11,32],"tags":[],"class_list":["post-5162","post","type-post","status-publish","format-standard","has-post-thumbnail","hentry","category-ciudad","category-comunas"],"_links":{"self":[{"href":"https:\/\/vocesdebaires.com.ar\/index.php\/wp-json\/wp\/v2\/posts\/5162"}],"collection":[{"href":"https:\/\/vocesdebaires.com.ar\/index.php\/wp-json\/wp\/v2\/posts"}],"about":[{"href":"https:\/\/vocesdebaires.com.ar\/index.php\/wp-json\/wp\/v2\/types\/post"}],"author":[{"embeddable":true,"href":"https:\/\/vocesdebaires.com.ar\/index.php\/wp-json\/wp\/v2\/users\/1"}],"replies":[{"embeddable":true,"href":"https:\/\/vocesdebaires.com.ar\/index.php\/wp-json\/wp\/v2\/comments?post=5162"}],"version-history":[{"count":0,"href":"https:\/\/vocesdebaires.com.ar\/index.php\/wp-json\/wp\/v2\/posts\/5162\/revisions"}],"wp:featuredmedia":[{"embeddable":true,"href":"https:\/\/vocesdebaires.com.ar\/index.php\/wp-json\/wp\/v2\/media\/5163"}],"wp:attachment":[{"href":"https:\/\/vocesdebaires.com.ar\/index.php\/wp-json\/wp\/v2\/media?parent=5162"}],"wp:term":[{"taxonomy":"category","embeddable":true,"href":"https:\/\/vocesdebaires.com.ar\/index.php\/wp-json\/wp\/v2\/categories?post=5162"},{"taxonomy":"post_tag","embeddable":true,"href":"https:\/\/vocesdebaires.com.ar\/index.php\/wp-json\/wp\/v2\/tags?post=5162"}],"curies":[{"name":"wp","href":"https:\/\/api.w.org\/{rel}","templated":true}]}}