{"id":5164,"date":"2019-06-12T03:00:00","date_gmt":"2019-06-12T06:00:00","guid":{"rendered":"http:\/\/vocesdebaires.com.ar\/wordpress\/index.php\/2019\/06\/12\/ciudad-descubriendo-la-cultura-en-los-barrios\/"},"modified":"2019-06-12T03:00:00","modified_gmt":"2019-06-12T06:00:00","slug":"ciudad-descubriendo-la-cultura-en-los-barrios","status":"publish","type":"post","link":"https:\/\/vocesdebaires.com.ar\/index.php\/2019\/06\/12\/ciudad-descubriendo-la-cultura-en-los-barrios\/","title":{"rendered":"Ciudad: Descubriendo la cultura en los barrios"},"content":{"rendered":"<p>El Ministerio de Cultura de la Ciudad comenz\u00f3 a ofrecer \u201cMapas y Audiogu\u00edas Barrios Creativos\u201d, una propuesta co-creada por referentes locales y figuras reconocidas con el objetivo de seguir descubriendo la oferta cultural en los barrios de Buenos aires.<\/p>\n<p>Con recorridos tem\u00e1ticos por Chacarita, Villa Crespo y Abasto, cualquiera que quiera va a poder descubrir la inmensa oferta art\u00edstica, gourmet e hist\u00f3rica y todos los secretos de estos barrios emblem\u00e1ticos de la Ciudad de Buenos Aires.<\/p>\n<p>Esta nueva iniciativa de recorridos barriales presenta en esta primera edici\u00f3n 15 caminatas, divididos en los mencionados tres barrios, que se podr\u00e1n realizar gracias al dise\u00f1o de un formato podcast que se podr\u00e1 descargar desde Spotify y en mapas de papel, que se podr\u00e1n obtener en los espacios culturales oficiales del Ministerio que haya en cada barrio.<\/p>\n<p>Caminata 1 &#8211; \u201cCuna y tradici\u00f3n\u201d<br \/>Chacarita era hist\u00f3ricamente una zona de chacras que se fue con los a\u00f1os transformando en el barrio que conocemos hoy. Uno que encierra una larga historia con una arquitectura interesante en sus calles y que cada d\u00eda nos sorprende con nuevas cosas llenas de energ\u00eda. Es un barrio porte\u00f1o que convoca a muchos visitantes de otros lados esperanzados de encontrar en sus calles lugares que quedar\u00e1n en sus recuerdos.<\/p>\n<p>Caminata 2 &#8211; \u201cChacarita creativa\u201d<br \/>Las callecitas de Chacarita tienen ese qu\u00e9 s\u00e9 yo&#8230; el arte creativo que circula por el barrio es el disparador de una movida que est\u00e1 en constante evoluci\u00f3n: galer\u00edas experimentales, talentos emergentes, artistas visuales que experimentan con una apertura global aplicada al barrio. Se mezcla el compromiso comunitario con las casas, galpones, talleres art\u00edsticos, dep\u00f3sitos, locales, artistas y lugares para estimular los sentidos y la creaci\u00f3n.<\/p>\n<p>Caminata 3 &#8211; \u201cChacarita de noche\u201d<br \/>Popularmente conocida por sus mitos urbanos entre tumbas, leyendas y la luna llena. Hay un barrio que renace\u2026 Chacarita de noche es casi una concentraci\u00f3n. Las esquinas son rom\u00e1nticas y amigables, al aire libre la entrada al teatro se disfruta m\u00e1s y en el camino pod\u00e9s hacer la parada obligada, tomar un rico verm\u00fa o refrescarte con la cerveza de la esquina.<\/p>\n<p>Caminata 4 &#8211; \u201cSalgamos a comer por Chacarita\u201d<br \/>Cuando visitamos por primera vez una ciudad sabemos que una de las mejores formas de explorarla es a trav\u00e9s de su comida. Lo mismo ocurre de un barrio a otro ya que la propuesta en cada sitio es diversa. Te invito a esta aventura culinaria donde los sentidos y el buen gusto ser\u00e1n parte del recorrido \u00a1Eso s\u00ed, siempre con mucha hambre y calzado c\u00f3modo!<\/p>\n<p>Caminata 5 &#8211; \u201cChacarita mix\u201d<br \/>Chacarita no deja de crearse y recrearse a s\u00ed misma, sus expresiones son parte del patrimonio cultural argentino y el arte emerge de las paredes. Chacarita es un MIX que se apoya sobre ejes firmes y total inspiraci\u00f3n, se transform\u00f3 sin dejar en el olvido su esencia. Sumergirse en el mundo de la literatura con un cafecito atemporal con aires aporte\u00f1ados son la mezcla perfecta para disfrutar ahora mismo.<\/p>\n<p>Qu\u00e9 es Barrios Creativos<br \/>Barrios Creativos es un programa que busca promover los actores y equipos culturales barriales, fortaleciendo su identidad con propuestas creativas y sobre todo promoviendo el trabajo en red. El objetivo principal es potenciar la identidad de cada barrio y que el resto de los vecinos y quienes visitan Buenos aires puedan descubrir nuevos circuitos culturales.Durante 2018 se realiz\u00f3 la convocatoria abierta para que gestores culturales y referentes de cada uno de los barrios participaran de una serie de foros de trabajo con el objetivo de dise\u00f1ar la agenda cultural de su barrio. En este proceso participaron referentes de todos los barrios porte\u00f1os. Fue seleccionado un barrio ganador (Villa Crespo), tres menciones especiales (Villa Santa Rita y Villa Gral. Mitre; Villa Luro, Versalles y Villa Real; Recoleta\/Sald\u00edas), y otros 11 barrios recibieron reconocimiento. El premio: subsidios para llevar adelante sus proyectos culturales durante 2019. <a><\/a><\/p>\n","protected":false},"excerpt":{"rendered":"<p>El Ministerio de Cultura de la Ciudad comenz\u00f3 a ofrecer \u201cMapas y Audiogu\u00edas Barrios Creativos\u201d, una propuesta co-creada por referentes locales y figuras reconocidas con el objetivo de seguir descubriendo la oferta cultural en los barrios de Buenos aires. Con recorridos tem\u00e1ticos por Chacarita, Villa Crespo y Abasto, cualquiera que quiera va a poder descubrir [&hellip;]<\/p>\n","protected":false},"author":1,"featured_media":5165,"comment_status":"open","ping_status":"open","sticky":false,"template":"","format":"standard","meta":{"_et_pb_use_builder":"","_et_pb_old_content":"","_et_gb_content_width":"","footnotes":""},"categories":[11,32],"tags":[],"class_list":["post-5164","post","type-post","status-publish","format-standard","has-post-thumbnail","hentry","category-ciudad","category-comunas"],"_links":{"self":[{"href":"https:\/\/vocesdebaires.com.ar\/index.php\/wp-json\/wp\/v2\/posts\/5164"}],"collection":[{"href":"https:\/\/vocesdebaires.com.ar\/index.php\/wp-json\/wp\/v2\/posts"}],"about":[{"href":"https:\/\/vocesdebaires.com.ar\/index.php\/wp-json\/wp\/v2\/types\/post"}],"author":[{"embeddable":true,"href":"https:\/\/vocesdebaires.com.ar\/index.php\/wp-json\/wp\/v2\/users\/1"}],"replies":[{"embeddable":true,"href":"https:\/\/vocesdebaires.com.ar\/index.php\/wp-json\/wp\/v2\/comments?post=5164"}],"version-history":[{"count":0,"href":"https:\/\/vocesdebaires.com.ar\/index.php\/wp-json\/wp\/v2\/posts\/5164\/revisions"}],"wp:featuredmedia":[{"embeddable":true,"href":"https:\/\/vocesdebaires.com.ar\/index.php\/wp-json\/wp\/v2\/media\/5165"}],"wp:attachment":[{"href":"https:\/\/vocesdebaires.com.ar\/index.php\/wp-json\/wp\/v2\/media?parent=5164"}],"wp:term":[{"taxonomy":"category","embeddable":true,"href":"https:\/\/vocesdebaires.com.ar\/index.php\/wp-json\/wp\/v2\/categories?post=5164"},{"taxonomy":"post_tag","embeddable":true,"href":"https:\/\/vocesdebaires.com.ar\/index.php\/wp-json\/wp\/v2\/tags?post=5164"}],"curies":[{"name":"wp","href":"https:\/\/api.w.org\/{rel}","templated":true}]}}