{"id":5169,"date":"2019-11-29T03:58:41","date_gmt":"2019-11-29T06:58:41","guid":{"rendered":"http:\/\/vocesdebaires.com.ar\/wordpress\/index.php\/2019\/11\/29\/alquileres-temporarios-regulan-la-actividad\/"},"modified":"2019-11-29T03:58:41","modified_gmt":"2019-11-29T06:58:41","slug":"alquileres-temporarios-regulan-la-actividad","status":"publish","type":"post","link":"https:\/\/vocesdebaires.com.ar\/index.php\/2019\/11\/29\/alquileres-temporarios-regulan-la-actividad\/","title":{"rendered":"Alquileres temporarios: Regulan la actividad"},"content":{"rendered":"<p>La Legislatura aprob\u00f3 durante la sesi\u00f3n de\u00a0ayer \u00a0una ley que crea un r\u00e9gimen para regular la actividad de Alquiler Temporario Tur\u00edstico en la Ciudad de Buenos Aires. Entrar\u00e1 en vigencia a partir del de diciembre de 2020.La inscripci\u00f3n ser\u00e1 gratuita y se podr\u00e1 realizar en forma digital, mientras que los anfitriones ser\u00e1n los \u00fanicos sujetos facultados para inscribir una unidad con destino habitacional en este nuevo Registro. La norma define al alquiler temporario tur\u00edstico como el servicio de alojamiento en unidades con destino habitacional, en su totalidad o una parte de \u00e9stas, por un per\u00edodo m\u00ednimo de una pernoctaci\u00f3n y de hasta tres meses.<\/p>\n<p>Uno de los art\u00edculos de la ley explica que &quot;los sujetos que se encuentran alcanzados en estas disposiciones son quienes se denominan anfitriones, es decir, los propietarios, usufructuarios, cesionarios, administradores y\/o locadores -o quien cualquiera de los anteriores designe a tal efecto y cuente con poder suficiente- que exploten y\/o comercialicen inmuebles de manera habitual en la modalidad locativa definida anteriormente&quot;.<\/p>\n<p>En tanto, los hu\u00e9spedes de alquileres temporarios tur\u00edsticos tienen la obligaci\u00f3n de observar las reglas de higiene, educaci\u00f3n, convivencia social, y de respeto a las personas, instituciones y costumbres para la utilizaci\u00f3n adecuada de los diferentes servicios tur\u00edsticos, y de respetar las instalaciones y los equipamientos. La Autoridad de Aplicaci\u00f3n ser\u00e1 el Ente de Turismo de la Ciudad Aut\u00f3noma de Buenos Aires o el organismo que en el futuro lo reemplace.<\/p>\n<p>Por su parte, las obligaciones del anfitri\u00f3n son informar al consorcio de copropietarios de la existencia de una unidad que sea dada en alquiler temporario con fines tur\u00edsticos; constatar la identidad y registrar informaci\u00f3n de cada hu\u00e9sped alojado, as\u00ed como el per\u00edodo de alojamiento; exhibir en lugar visible de la entrada o de la recepci\u00f3n de la unidad una copia del certificado de inscripci\u00f3n al registro; contratar seguro de responsabilidad civil por da\u00f1os contra terceros, y entregar al hu\u00e9sped un inventario del equipamiento y mobiliario, entre otras responsabilidades.<\/p>\n<p>Adem\u00e1s, las Plataformas de Alquiler Temporario Tur\u00edstico deber\u00e1n habilitar un campo en la plataforma digital para que el anfitri\u00f3n informe el n\u00famero de inscripci\u00f3n ante el Registro de cada unidad y en toda publicaci\u00f3n o publicidad que se d\u00e9 al mismo; proceder, previa notificaci\u00f3n fehaciente y mediante resoluci\u00f3n fundada, a la baja, retiro o suspensi\u00f3n de toda publicaci\u00f3n que no posea el n\u00famero de inscripci\u00f3n en el Registro, y exhibir en forma accesible en todo medio de publicaci\u00f3n la informaci\u00f3n que la Autoridad de Aplicaci\u00f3n determine.<\/p>\n<p>El incumplimiento a las obligaciones establecidas en esta ley ser\u00e1 sancionado por la Autoridad de Aplicaci\u00f3n con apercibimiento; suspensi\u00f3n en el Registro que no podr\u00e1 exceder de 30 d\u00edas corridos, o la baja del mismo.Seg\u00fan los fundamentos del proyecto &quot;el posicionamiento tur\u00edstico de los alojamientos disponibles en la Ciudad requiere de un modelo de gesti\u00f3n autosustentable, que garantice la disposici\u00f3n y uso de los recursos necesarios para ejecutar acciones estrat\u00e9gicas, a efectos de potenciar no solo el turismo sino tambi\u00e9n las herramientas necesarias que lo ayudan a consumarse positivamente, traduci\u00e9ndose en un beneficio para la comunidad entera&quot;.<\/p>\n<p>&quot;El turismo internacional viene creciendo en forma ininterrumpida hace tres a\u00f1os en la Ciudad. Y en particular, en este 2019 se prev\u00e9 alcanzar el r\u00e9cord hist\u00f3rico de tres millones de turistas extranjeros, con un impacto econ\u00f3mico de m\u00e1s de tres mil millones de d\u00f3lares si incluimos el turismo dom\u00e9stico en la Ciudad. De este modo, el gasto de los visitantes se traduce en un mayor consumo de bienes y servicios locales como alojamiento, gastronom\u00eda, excursiones, actividades culturales y de entretenimiento, comercios, entre otros, lo cual dinamiza muy fuertemente a las peque\u00f1as y medianas empresas del tejido productivo de nuestra ciudad&quot;, sostienen los argumentos de la iniciativa presentada por los diputados Gonzalo Straface, Christian Bauab y Jian Ping Yuan (VJ).La norma fue aprobada con 41votos positivos -VJ, Ev, PS- y 17 negativos de los bloques GEN, UC, BP, IS, FIT, AyL y MC.<\/p>\n<p>Personalidades Destacadas<\/p>\n<p>El Cuerpo Parlamentario aprob\u00f3 la declaraci\u00f3n de Personalidad Destacada de la Ciudad Aut\u00f3noma de Buenos Aires en el \u00e1mbito del deporte y la cultura al abogado y maestro internacional de ajedrez Carlos Bielicki, en el 60\u00b0 aniversario del Campeonato Mundial Juvenil de Ajedrez en Munchenstein que gan\u00f3 en 1959. El legislador Marcelo Guouman impuls\u00f3 el reconocimiento junto a sus pares In\u00e9s Gorbea, Leandro Halper\u00edn, Juan Nosiglia, Patricia Vischi (Ev) y Jian Ping Yuan (VJ).<\/p>\n<p>En el \u00e1mbito de las Ciencias M\u00e9dicas fue distinguido el Dr. Federico Rodr\u00edguez Lucci. En la actualidad se desempe\u00f1a en el instituto FLENI como m\u00e9dico de staff del Centro Integral de Neurolog\u00eda Vascular y de Terapia Intensiva. Lucci se destaca por el ejemplo que brinda por su compromiso profesional y su calidez humana, asistiendo y rehabilitando pacientes en casos de alta complejidad. La iniciativa surgi\u00f3 del diputado Christian Bauab (VJ).<\/p>\n<p>El cantante de tango Daniel Olivera fue destacado en cultura por su prestigiosa trayectoria nacional e internacional del 2&#215;4. Si bien integr\u00f3 grandes orquestas actu\u00f3 muchos a\u00f1os como solista y recorri\u00f3 el mundo llevando como bandera la m\u00fasica argentina. Los diputados autores del proyecto fueron Jorge Apreda y Claudio Romero (VJ).Tambi\u00e9n en cultura fue distinguida como Personalidad Destacada la artista, cantante, escritora, abogada y profesora Beatriz D\u00edaz de Lovera. &quot;Tiki&quot; es una de las actrices m\u00e1s reconocidas y de mayor presencia en los escenarios del teatro musical argentino. Los diputados Jian Ping Yuan, Claudio Cingolani y Mar\u00eda Luisa Gonz\u00e1lez Estevarena (VJ) impulsaron el reconocimiento.<\/p>\n","protected":false},"excerpt":{"rendered":"<p>La Legislatura aprob\u00f3 durante la sesi\u00f3n de\u00a0ayer \u00a0una ley que crea un r\u00e9gimen para regular la actividad de Alquiler Temporario Tur\u00edstico en la Ciudad de Buenos Aires. Entrar\u00e1 en vigencia a partir del de diciembre de 2020.La inscripci\u00f3n ser\u00e1 gratuita y se podr\u00e1 realizar en forma digital, mientras que los anfitriones ser\u00e1n los \u00fanicos sujetos [&hellip;]<\/p>\n","protected":false},"author":1,"featured_media":0,"comment_status":"open","ping_status":"open","sticky":false,"template":"","format":"standard","meta":{"_et_pb_use_builder":"","_et_pb_old_content":"","_et_gb_content_width":"","footnotes":""},"categories":[11,32],"tags":[],"class_list":["post-5169","post","type-post","status-publish","format-standard","hentry","category-ciudad","category-comunas"],"_links":{"self":[{"href":"https:\/\/vocesdebaires.com.ar\/index.php\/wp-json\/wp\/v2\/posts\/5169"}],"collection":[{"href":"https:\/\/vocesdebaires.com.ar\/index.php\/wp-json\/wp\/v2\/posts"}],"about":[{"href":"https:\/\/vocesdebaires.com.ar\/index.php\/wp-json\/wp\/v2\/types\/post"}],"author":[{"embeddable":true,"href":"https:\/\/vocesdebaires.com.ar\/index.php\/wp-json\/wp\/v2\/users\/1"}],"replies":[{"embeddable":true,"href":"https:\/\/vocesdebaires.com.ar\/index.php\/wp-json\/wp\/v2\/comments?post=5169"}],"version-history":[{"count":0,"href":"https:\/\/vocesdebaires.com.ar\/index.php\/wp-json\/wp\/v2\/posts\/5169\/revisions"}],"wp:attachment":[{"href":"https:\/\/vocesdebaires.com.ar\/index.php\/wp-json\/wp\/v2\/media?parent=5169"}],"wp:term":[{"taxonomy":"category","embeddable":true,"href":"https:\/\/vocesdebaires.com.ar\/index.php\/wp-json\/wp\/v2\/categories?post=5169"},{"taxonomy":"post_tag","embeddable":true,"href":"https:\/\/vocesdebaires.com.ar\/index.php\/wp-json\/wp\/v2\/tags?post=5169"}],"curies":[{"name":"wp","href":"https:\/\/api.w.org\/{rel}","templated":true}]}}