{"id":5176,"date":"2019-11-28T03:00:00","date_gmt":"2019-11-28T06:00:00","guid":{"rendered":"http:\/\/vocesdebaires.com.ar\/wordpress\/index.php\/2019\/11\/28\/legislatura-portena-juras-y-sesion-preparatoria\/"},"modified":"2019-11-28T03:00:00","modified_gmt":"2019-11-28T06:00:00","slug":"legislatura-portena-juras-y-sesion-preparatoria","status":"publish","type":"post","link":"https:\/\/vocesdebaires.com.ar\/index.php\/2019\/11\/28\/legislatura-portena-juras-y-sesion-preparatoria\/","title":{"rendered":"Legislatura porte\u00f1a Juras y Sesi\u00f3n Preparatoria"},"content":{"rendered":"<p>Durante la reuni\u00f3n de Labor Parlamentaria de ayer mi\u00e9rcoles , el secretario parlamentario Carlos Seraf\u00edn P\u00e9rez inform\u00f3 que el pr\u00f3ximo martes 3 de diciembre (en sesi\u00f3n preparatoria convocada para las 9:30) prestar\u00e1n juramento los 30 legisladores electos en los \u00faltimos comicios (21 nuevos y 9 reelegidos), tras lo cual el cuerpo designar\u00e1 por votaci\u00f3n las nuevas autoridades de la Legislatura de la Ciudad de Buenos Aires: vicepresidentes primero, segundo y tercero; secretarios administrativo, parlamentario y de coordinaci\u00f3n.<\/p>\n<p>Ese d\u00eda tambi\u00e9n se informar\u00e1 c\u00f3mo quedar\u00e1n conformados los bloques y qui\u00e9nes ser\u00e1n sus autoridades. Por otra parte, se inform\u00f3 que el viernes 6 de diciembre, en el sal\u00f3n Dorado &#8211; Hip\u00f3lito Yrigoyen de la Legislatura, jurar\u00e1n los 105 nuevos comuneros elegidos por la ciudadan\u00eda (7 por cada una de las 15 Juntas Comunales).El jefe y vicejefe de Gobierno de la Ciudad Aut\u00f3noma, Horacio Rodr\u00edguez Larreta y Diego Santilli, prestar\u00e1n juramento el d\u00eda 9 de diciembre, ante la Legislatura, para el nuevo mandato que se iniciar\u00e1 al d\u00eda siguiente y por cuatro a\u00f1os.<\/p>\n","protected":false},"excerpt":{"rendered":"<p>Durante la reuni\u00f3n de Labor Parlamentaria de ayer mi\u00e9rcoles , el secretario parlamentario Carlos Seraf\u00edn P\u00e9rez inform\u00f3 que el pr\u00f3ximo martes 3 de diciembre (en sesi\u00f3n preparatoria convocada para las 9:30) prestar\u00e1n juramento los 30 legisladores electos en los \u00faltimos comicios (21 nuevos y 9 reelegidos), tras lo cual el cuerpo designar\u00e1 por votaci\u00f3n las [&hellip;]<\/p>\n","protected":false},"author":1,"featured_media":5177,"comment_status":"open","ping_status":"open","sticky":false,"template":"","format":"standard","meta":{"_et_pb_use_builder":"","_et_pb_old_content":"","_et_gb_content_width":"","footnotes":""},"categories":[11,33],"tags":[],"class_list":["post-5176","post","type-post","status-publish","format-standard","has-post-thumbnail","hentry","category-ciudad","category-sociedad-y-cultura-2"],"_links":{"self":[{"href":"https:\/\/vocesdebaires.com.ar\/index.php\/wp-json\/wp\/v2\/posts\/5176"}],"collection":[{"href":"https:\/\/vocesdebaires.com.ar\/index.php\/wp-json\/wp\/v2\/posts"}],"about":[{"href":"https:\/\/vocesdebaires.com.ar\/index.php\/wp-json\/wp\/v2\/types\/post"}],"author":[{"embeddable":true,"href":"https:\/\/vocesdebaires.com.ar\/index.php\/wp-json\/wp\/v2\/users\/1"}],"replies":[{"embeddable":true,"href":"https:\/\/vocesdebaires.com.ar\/index.php\/wp-json\/wp\/v2\/comments?post=5176"}],"version-history":[{"count":0,"href":"https:\/\/vocesdebaires.com.ar\/index.php\/wp-json\/wp\/v2\/posts\/5176\/revisions"}],"wp:featuredmedia":[{"embeddable":true,"href":"https:\/\/vocesdebaires.com.ar\/index.php\/wp-json\/wp\/v2\/media\/5177"}],"wp:attachment":[{"href":"https:\/\/vocesdebaires.com.ar\/index.php\/wp-json\/wp\/v2\/media?parent=5176"}],"wp:term":[{"taxonomy":"category","embeddable":true,"href":"https:\/\/vocesdebaires.com.ar\/index.php\/wp-json\/wp\/v2\/categories?post=5176"},{"taxonomy":"post_tag","embeddable":true,"href":"https:\/\/vocesdebaires.com.ar\/index.php\/wp-json\/wp\/v2\/tags?post=5176"}],"curies":[{"name":"wp","href":"https:\/\/api.w.org\/{rel}","templated":true}]}}