{"id":5180,"date":"2019-11-28T03:00:00","date_gmt":"2019-11-28T06:00:00","guid":{"rendered":"http:\/\/vocesdebaires.com.ar\/wordpress\/index.php\/2019\/11\/28\/actualizaran-puntajes-a-conductores-de-autos\/"},"modified":"2019-11-28T03:00:00","modified_gmt":"2019-11-28T06:00:00","slug":"actualizaran-puntajes-a-conductores-de-autos","status":"publish","type":"post","link":"https:\/\/vocesdebaires.com.ar\/index.php\/2019\/11\/28\/actualizaran-puntajes-a-conductores-de-autos\/","title":{"rendered":"Actualizar\u00e1n puntajes a conductores de autos"},"content":{"rendered":"<p>La Legislatura porte\u00f1a debatir\u00e1 hoy en sesi\u00f3n ordinaria (convocada para las 11:30) para tratar una serie de proyectos entre los que se destacan: modificaciones a las normas de &quot;scoring&quot; para conductores de veh\u00edculos, r\u00e9gimen para los m\u00e9dicos residentes y concurrentes del sistema p\u00fablico de salud en la Ciudad de Buenos Aires y una ley de alquileres transitorios de viviendas para turistas. El temario fue definido ayer por la tarde en la habitual reuni\u00f3n de Labor Parlamentaria, que conduce el vicepresidente de la Legislatura, legislador Agust\u00edn Forchieri (VJ), con la participaci\u00f3n de los jefes de todos los bloques.<\/p>\n<p>Hoy jueves tambi\u00e9n definir\u00e1n los legisladores porte\u00f1os\u00a0 (en segunda lectura y tras pasar por Audiencia P\u00fablica) la creaci\u00f3n de un monumento en homenaje a los polic\u00edas de la Ciudad ca\u00eddos en cumplimiento de su deber. El proyecto despachado por la Comisi\u00f3n de Tr\u00e1nsito y Transporte, que preside la legisladora Cristina Garc\u00eda (VJ) propicia la modificaci\u00f3n de art\u00edculos del T\u00edtulo Und\u00e9cimo &quot;Del Sistema de Evaluaci\u00f3n Permanente de Conductores&quot; (SEPC) y de algunos art\u00edculos del R\u00e9gimen de Faltas vinculados a su aplicaci\u00f3n.<\/p>\n<p>Otra iniciativa en tratamiento ser\u00e1 la legislaci\u00f3n sobre Alquiler Temporario Tur\u00edstico al servicio de alojamiento en unidades con destino habitacional, en su totalidad o en una parte de \u00e9stas, por un per\u00edodo m\u00ednimo de una pernoctaci\u00f3n y de hasta tres meses. Es una iniciativa con despacho de las comisiones Desarrollo Econ\u00f3mico, Mercosur y Pol\u00edticas de Empleo, los legisladores\u00a0 Christian Bauab; de Turismo y Deportes, Jian Ping Yuan; y de Justicia, Daniel Presti.<\/p>\n<p>Por otra parte, se considerar\u00e1 el proyecto de R\u00e9gimen de\u00a0 Residencias y Concurrencias de Salud y Apoyo a Equipos de Salud, con despachos de las comisiones de Salud, que preside el legislador Jos\u00e9 Acevedo (VJ), y de Legislaci\u00f3n del Trabajo, a cargo del legislador\u00a0 Claudio Heredia (PB). Se fijan las condiciones laborales y profesionales, derechos y obligaciones de m\u00e9dicos residentes y concurrentes en el \u00e1mbito p\u00fablico de la CABA y se establece una remuneraci\u00f3n.<\/p>\n<p>Tambi\u00e9n se pondr\u00e1 a votaci\u00f3n sobre tablas la ratificaci\u00f3n, una serie de acuerdos de mutua cooperaci\u00f3n entre la Ciudad y decenas de municipios de distintas regiones y provincias argentinas y, a pedido del bloque Evoluci\u00f3n se propondr\u00e1 una declaraci\u00f3n para reclamar el traspaso a la Ciudad de las potestades y competencias referidas al transporte urbano de pasajeros por automotor, en lo atinente a las l\u00edneas con recorridos dentro de la jurisdicci\u00f3n capitalina.<\/p>\n","protected":false},"excerpt":{"rendered":"<p>La Legislatura porte\u00f1a debatir\u00e1 hoy en sesi\u00f3n ordinaria (convocada para las 11:30) para tratar una serie de proyectos entre los que se destacan: modificaciones a las normas de &quot;scoring&quot; para conductores de veh\u00edculos, r\u00e9gimen para los m\u00e9dicos residentes y concurrentes del sistema p\u00fablico de salud en la Ciudad de Buenos Aires y una ley de [&hellip;]<\/p>\n","protected":false},"author":1,"featured_media":5181,"comment_status":"open","ping_status":"open","sticky":false,"template":"","format":"standard","meta":{"_et_pb_use_builder":"","_et_pb_old_content":"","_et_gb_content_width":"","footnotes":""},"categories":[11,33],"tags":[],"class_list":["post-5180","post","type-post","status-publish","format-standard","has-post-thumbnail","hentry","category-ciudad","category-sociedad-y-cultura-2"],"_links":{"self":[{"href":"https:\/\/vocesdebaires.com.ar\/index.php\/wp-json\/wp\/v2\/posts\/5180"}],"collection":[{"href":"https:\/\/vocesdebaires.com.ar\/index.php\/wp-json\/wp\/v2\/posts"}],"about":[{"href":"https:\/\/vocesdebaires.com.ar\/index.php\/wp-json\/wp\/v2\/types\/post"}],"author":[{"embeddable":true,"href":"https:\/\/vocesdebaires.com.ar\/index.php\/wp-json\/wp\/v2\/users\/1"}],"replies":[{"embeddable":true,"href":"https:\/\/vocesdebaires.com.ar\/index.php\/wp-json\/wp\/v2\/comments?post=5180"}],"version-history":[{"count":0,"href":"https:\/\/vocesdebaires.com.ar\/index.php\/wp-json\/wp\/v2\/posts\/5180\/revisions"}],"wp:featuredmedia":[{"embeddable":true,"href":"https:\/\/vocesdebaires.com.ar\/index.php\/wp-json\/wp\/v2\/media\/5181"}],"wp:attachment":[{"href":"https:\/\/vocesdebaires.com.ar\/index.php\/wp-json\/wp\/v2\/media?parent=5180"}],"wp:term":[{"taxonomy":"category","embeddable":true,"href":"https:\/\/vocesdebaires.com.ar\/index.php\/wp-json\/wp\/v2\/categories?post=5180"},{"taxonomy":"post_tag","embeddable":true,"href":"https:\/\/vocesdebaires.com.ar\/index.php\/wp-json\/wp\/v2\/tags?post=5180"}],"curies":[{"name":"wp","href":"https:\/\/api.w.org\/{rel}","templated":true}]}}