{"id":5184,"date":"2019-11-28T03:00:00","date_gmt":"2019-11-28T06:00:00","guid":{"rendered":"http:\/\/vocesdebaires.com.ar\/wordpress\/index.php\/2019\/11\/28\/vidal-participo-del-derribo-bunker-de-droga\/"},"modified":"2019-11-28T03:00:00","modified_gmt":"2019-11-28T06:00:00","slug":"vidal-participo-del-derribo-bunker-de-droga","status":"publish","type":"post","link":"https:\/\/vocesdebaires.com.ar\/index.php\/2019\/11\/28\/vidal-participo-del-derribo-bunker-de-droga\/","title":{"rendered":"Vidal particip\u00f3 del derrib\u00f3 b\u00fanker de droga"},"content":{"rendered":"<p>La gobernadora de la Provincia de Buenos Aires, Mar\u00eda Eugenia Vidal, particip\u00f3 ayer\u00a0 del derribo del b\u00fanker de droga N\u00b0150, en La Matanza. La mandataria estuvo acompa\u00f1ada por el ministro de Seguridad bonaerense, Cristian Ritondo; y el Comisario General de la Polic\u00eda de la Provincia, Fabi\u00e1n Perroni. El hito alcanzado hoy es el resultado de 8 allanamientos en Villa La Palangana, en Virrey del Pino, donde hubo cuatro personas aprehendidas. En estos 4 a\u00f1os la Polic\u00eda de la Provincia realiz\u00f3 m\u00e1s de 113 mil procedimientos contra el narcotr\u00e1fico, 43% m\u00e1s que en la gesti\u00f3n anterior, y m\u00e1s de 23 mil allanamientos.<\/p>\n","protected":false},"excerpt":{"rendered":"<p>La gobernadora de la Provincia de Buenos Aires, Mar\u00eda Eugenia Vidal, particip\u00f3 ayer\u00a0 del derribo del b\u00fanker de droga N\u00b0150, en La Matanza. La mandataria estuvo acompa\u00f1ada por el ministro de Seguridad bonaerense, Cristian Ritondo; y el Comisario General de la Polic\u00eda de la Provincia, Fabi\u00e1n Perroni. El hito alcanzado hoy es el resultado de [&hellip;]<\/p>\n","protected":false},"author":1,"featured_media":5185,"comment_status":"open","ping_status":"open","sticky":false,"template":"","format":"standard","meta":{"_et_pb_use_builder":"","_et_pb_old_content":"","_et_gb_content_width":"","footnotes":""},"categories":[35,13],"tags":[],"class_list":["post-5184","post","type-post","status-publish","format-standard","has-post-thumbnail","hentry","category-gobierno","category-provincia"],"_links":{"self":[{"href":"https:\/\/vocesdebaires.com.ar\/index.php\/wp-json\/wp\/v2\/posts\/5184"}],"collection":[{"href":"https:\/\/vocesdebaires.com.ar\/index.php\/wp-json\/wp\/v2\/posts"}],"about":[{"href":"https:\/\/vocesdebaires.com.ar\/index.php\/wp-json\/wp\/v2\/types\/post"}],"author":[{"embeddable":true,"href":"https:\/\/vocesdebaires.com.ar\/index.php\/wp-json\/wp\/v2\/users\/1"}],"replies":[{"embeddable":true,"href":"https:\/\/vocesdebaires.com.ar\/index.php\/wp-json\/wp\/v2\/comments?post=5184"}],"version-history":[{"count":0,"href":"https:\/\/vocesdebaires.com.ar\/index.php\/wp-json\/wp\/v2\/posts\/5184\/revisions"}],"wp:featuredmedia":[{"embeddable":true,"href":"https:\/\/vocesdebaires.com.ar\/index.php\/wp-json\/wp\/v2\/media\/5185"}],"wp:attachment":[{"href":"https:\/\/vocesdebaires.com.ar\/index.php\/wp-json\/wp\/v2\/media?parent=5184"}],"wp:term":[{"taxonomy":"category","embeddable":true,"href":"https:\/\/vocesdebaires.com.ar\/index.php\/wp-json\/wp\/v2\/categories?post=5184"},{"taxonomy":"post_tag","embeddable":true,"href":"https:\/\/vocesdebaires.com.ar\/index.php\/wp-json\/wp\/v2\/tags?post=5184"}],"curies":[{"name":"wp","href":"https:\/\/api.w.org\/{rel}","templated":true}]}}