{"id":5186,"date":"2019-11-27T03:00:00","date_gmt":"2019-11-27T06:00:00","guid":{"rendered":"http:\/\/vocesdebaires.com.ar\/wordpress\/index.php\/2019\/11\/27\/rechazan-amparo-del-paseo-beauchef\/"},"modified":"2019-11-27T03:00:00","modified_gmt":"2019-11-27T06:00:00","slug":"rechazan-amparo-del-paseo-beauchef","status":"publish","type":"post","link":"https:\/\/vocesdebaires.com.ar\/index.php\/2019\/11\/27\/rechazan-amparo-del-paseo-beauchef\/","title":{"rendered":"Rechazan Amparo del &quot;Paseo Beauchef&quot;"},"content":{"rendered":"<p>El titular del Juzgado N\u00b05 en lo Contencioso Administrativo y Tributario, Mart\u00edn Converset, rechaz\u00f3 la acci\u00f3n de amparo colectivo interpuesta por la Asociaci\u00f3n Civil Observatorio del Derecho a la Ciudad, la Asociaci\u00f3n Cooperadora de la Escuela Normal N\u00b04\u00a0 Estanislao Zeballos, y un integrante de la Junta Comunal N\u00b06, contra el Gobierno de la Ciudad de Buenos Aires, con el objeto de que se declarara la inconstitucionalidad del art\u00edculo \u2018Cuadro 5.5 B) Arterias sujetas a apertura con declaraci\u00f3n de utilidad p\u00fablica y sujeci\u00f3n a expropiaci\u00f3n de las parcelas o partes necesarias a aquellos fines\u2019 del anexo de la ley 6099 C\u00f3digo Urban\u00edstico, y la petici\u00f3n de declarar la nulidad de \u201c toda normativa que autoriz\u00f3 la obra de apertura de la calle Beauchef entre la Av. Rivadavia y la Calle Rosario atravesando el Parque Rivadavia y se ordene la interrupci\u00f3n de los trabajos constructivos por no haber cumplido con la audiencia p\u00fablica obligatoria.<\/p>\n<p>\u201cTodo ello en el marco de los autos caratulados Asociaci\u00f3n Civil Observatorio del Derecho a la Ciudad y otros contra GCBA sobre Amparo Obras Suspensi\u00f3n.Los amparista se\u00f1alaron que no se ha respetado el procedimiento de Evaluaci\u00f3n de Impacto Ambiental con relevante efecto que se establece en la ley 123; que se ha violado el principio de progresividad en materia ambiental, de preservar e incrementar los espacios verdes y p\u00fablicos; y que se ha quebrantado el mandato del Plan Urbano Ambiental de promover el mejoramiento funcional y ambiental de los parques, manteniendo su integridad\u00bb. Y a su vez, solicitaron que se disponga la recomposici\u00f3n ambiental del parque Rivadavia en el sector afectado por la ejecuci\u00f3n de las obras de la apertura de la calle Beauchef entre Av. Rivadavia y la calle Rosario.<\/p>\n<p>El Ejecutivo porte\u00f1o respondi\u00f3 que el proyecto denominado \u2018Paseo Beauchef\u2019 consiste en la puesta en valor del espacio p\u00fablico ubicado en la calle Beauchef. Y adujo que la Direcci\u00f3n General de Espacios Verdes impuls\u00f3 el proyecto mencionado cuya finalidad, principalmente, es integrar el espacio asignado para los libreros a uno nuevo m\u00e1s amigable para el vecino, usuario del lugar y libre de desniveles, aument\u00e1ndose la superficie verde en 140 m\u00b2, logrando un total de 240 m\u00b2 de superficie absorbente.<\/p>\n<p>Asimismo, indic\u00f3 que \u00aben la actualidad no existen trabajos de apertura de calle sino que se est\u00e1n desarrollando trabajos de mantenimiento y puesta en valor del mencionado predio\u00bb. Inform\u00f3 adem\u00e1s que la obra propone el ensanchamiento de las cazoletas existentes, la realizaci\u00f3n de mejoras en los muros laterales de la escuela normal 4 y la colocaci\u00f3n de mobiliario urbano como bancos, mesas de ajedrez y luminarias led. Remarc\u00f3 por \u00faltimo, que no se est\u00e1n desarrollando trabajos constructivos de apertura de la calle Beauchef, sino tareas habituales de mantenimiento y puesta en valor, sin perjuicio de lo cual, se\u00f1al\u00f3 que efectivamente existe un mandato legislativo que ordena la apertura de la calle Beauchef.<\/p>\n<p>El magistrado narr\u00f3 que \u00aben el reconocimiento judicial llevado a cabo el 27 de febrero de 2019 se desprende que, ante la requisitoria del tribunal, el GCBA indic\u00f3 que \u2018el objeto actual consiste en poner en valor la zona\u2019 y afirm\u00f3 que \u2018en esta primera etapa del proyecto si bien el solado va a estar en condiciones para soportar el tr\u00e1nsito vehicular \u00fanicamente ser\u00e1 destinado a uso peatonal, volvi\u00e9ndose a colocar los puestos de libros en su ubicaci\u00f3n original\u2019.<\/p>\n<p>Acto seguido, dijo que \u2018si eventualmente la Legislatura porte\u00f1a autoriza en un futuro la apertura de la calle, ello se llevar\u00e1 a cabo sin observar los criterios de una calle normal si no que se realizar\u00e1 con ciertas particularidades dado que se tratar\u00e1 de una calle de convivencia con una circulaci\u00f3n restringida de autom\u00f3viles&#8217;. Asimismo, destac\u00f3 que el \u00e1rea de Espacios Verdes del GCBA remarc\u00f3 que \u2018la obra proyectada no va a modificar sustancialmente el lugar sino que se va a mejorar, se tiene en miras a incorporar nuevas luminarias y nivelar el solado\u2019. Y asegur\u00f3 adem\u00e1s que en esta etapa no va a haber tr\u00e1nsito vehicular, cerr\u00e1ndose el pasaje con bolas de hormig\u00f3n.<\/p>\n<p>Finalmente, Converset concluy\u00f3 que no existe un da\u00f1o cierto que pueda ser objeto de la presente acci\u00f3n de amparo sino que, por el contrario, de las manifestaciones alegadas por la actora y de los informes por ella acompa\u00f1ados, se deduce que el da\u00f1o resultar\u00eda meramente eventual o conjetural. Ello claro est\u00e1, sin ingresar en analizar la posible apertura de la calle Beauchef, la que se encuentra prevista desde la sanci\u00f3n de la ordenanza 23.475 de 1968 y que, en el hipot\u00e9tico caso que \u00e9sta se efect\u00fae mediante los mec\u00e1nicos legales pertinentes tampoco se advertir\u00eda una arbitrariedad o ilegalidad manifiesta.<\/p>\n","protected":false},"excerpt":{"rendered":"<p>El titular del Juzgado N\u00b05 en lo Contencioso Administrativo y Tributario, Mart\u00edn Converset, rechaz\u00f3 la acci\u00f3n de amparo colectivo interpuesta por la Asociaci\u00f3n Civil Observatorio del Derecho a la Ciudad, la Asociaci\u00f3n Cooperadora de la Escuela Normal N\u00b04\u00a0 Estanislao Zeballos, y un integrante de la Junta Comunal N\u00b06, contra el Gobierno de la Ciudad de [&hellip;]<\/p>\n","protected":false},"author":1,"featured_media":5187,"comment_status":"open","ping_status":"open","sticky":false,"template":"","format":"standard","meta":{"_et_pb_use_builder":"","_et_pb_old_content":"","_et_gb_content_width":"","footnotes":""},"categories":[11,32],"tags":[],"class_list":["post-5186","post","type-post","status-publish","format-standard","has-post-thumbnail","hentry","category-ciudad","category-comunas"],"_links":{"self":[{"href":"https:\/\/vocesdebaires.com.ar\/index.php\/wp-json\/wp\/v2\/posts\/5186"}],"collection":[{"href":"https:\/\/vocesdebaires.com.ar\/index.php\/wp-json\/wp\/v2\/posts"}],"about":[{"href":"https:\/\/vocesdebaires.com.ar\/index.php\/wp-json\/wp\/v2\/types\/post"}],"author":[{"embeddable":true,"href":"https:\/\/vocesdebaires.com.ar\/index.php\/wp-json\/wp\/v2\/users\/1"}],"replies":[{"embeddable":true,"href":"https:\/\/vocesdebaires.com.ar\/index.php\/wp-json\/wp\/v2\/comments?post=5186"}],"version-history":[{"count":0,"href":"https:\/\/vocesdebaires.com.ar\/index.php\/wp-json\/wp\/v2\/posts\/5186\/revisions"}],"wp:featuredmedia":[{"embeddable":true,"href":"https:\/\/vocesdebaires.com.ar\/index.php\/wp-json\/wp\/v2\/media\/5187"}],"wp:attachment":[{"href":"https:\/\/vocesdebaires.com.ar\/index.php\/wp-json\/wp\/v2\/media?parent=5186"}],"wp:term":[{"taxonomy":"category","embeddable":true,"href":"https:\/\/vocesdebaires.com.ar\/index.php\/wp-json\/wp\/v2\/categories?post=5186"},{"taxonomy":"post_tag","embeddable":true,"href":"https:\/\/vocesdebaires.com.ar\/index.php\/wp-json\/wp\/v2\/tags?post=5186"}],"curies":[{"name":"wp","href":"https:\/\/api.w.org\/{rel}","templated":true}]}}