{"id":52148,"date":"2025-02-07T11:02:10","date_gmt":"2025-02-07T14:02:10","guid":{"rendered":"https:\/\/vocesdebaires.com.ar\/?p=52148"},"modified":"2025-02-07T11:02:10","modified_gmt":"2025-02-07T14:02:10","slug":"comenzaron-los-trabajos-de-reconversion-de-las-calles-tucuman-y-25-de-mayo","status":"publish","type":"post","link":"https:\/\/vocesdebaires.com.ar\/index.php\/2025\/02\/07\/comenzaron-los-trabajos-de-reconversion-de-las-calles-tucuman-y-25-de-mayo\/","title":{"rendered":"Comenzaron los trabajos de reconversi\u00f3n de las calles Tucum\u00e1n y 25 de Mayo"},"content":{"rendered":"<p>El Ministerio de Espacio P\u00fablico e Higiene Urbana inici\u00f3 las intervenciones de las calles Tucum\u00e1n y 25 de mayo en el Microcentro porte\u00f1o que beneficiar\u00e1n, de manera directa a 30600 vecinos.El proyecto abarca 10 cuadras en total y busca mejorar la circulaci\u00f3n peatonal, incorporar equipamiento urbano con 20 bancos, sumar 85 \u00e1rboles nuevos, \u00e1reas verdes y d\u00e1rsenas de carga y descarga para favorecer la log\u00edstica de la zona. Tambi\u00e9n se van a agregar 35 farolas peatonales y 20 cestos de basura.<\/p>\n<p>A su vez se optimizar\u00e1 la accesibilidad para personas con movilidad reducida y se disminuir\u00e1 la contaminaci\u00f3n sonora.La obra, que se llevar\u00e1 a cabo por etapas, se realizar\u00e1 en las calles Tucum\u00e1n, entre L. N. Al\u00e9m y Carlos Pellegrini; y de 25 de mayo entre Av. Cordoba y Tucum\u00e1n. Si bien el tr\u00e1nsito vehicular se ver\u00e1 afectado, los frentistas siempre tendr\u00e1n acceso a sus viviendas. Gracias a estos trabajos, se ganar\u00e1n 2.918 m\u00b2 de nuevo espacio peatonal, lo que implica un aumento del 22% de superficie para los transe\u00fantes. Con esta obra se ampliar\u00e1 la cantidad de vegetaci\u00f3n y arbolado que contribuir\u00e1n para reactivar la zona.<\/p>\n","protected":false},"excerpt":{"rendered":"<p>El Ministerio de Espacio P\u00fablico e Higiene Urbana inici\u00f3 las intervenciones de las calles Tucum\u00e1n y 25 de mayo en el Microcentro porte\u00f1o que beneficiar\u00e1n, de manera directa a 30600 vecinos.El proyecto abarca 10 cuadras en total y busca mejorar la circulaci\u00f3n peatonal, incorporar equipamiento urbano con 20 bancos, sumar 85 \u00e1rboles nuevos, \u00e1reas verdes [&hellip;]<\/p>\n","protected":false},"author":2,"featured_media":52149,"comment_status":"open","ping_status":"open","sticky":false,"template":"","format":"standard","meta":{"_et_pb_use_builder":"","_et_pb_old_content":"","_et_gb_content_width":"","footnotes":""},"categories":[11,36],"tags":[],"class_list":["post-52148","post","type-post","status-publish","format-standard","has-post-thumbnail","hentry","category-ciudad","category-transito-2"],"_links":{"self":[{"href":"https:\/\/vocesdebaires.com.ar\/index.php\/wp-json\/wp\/v2\/posts\/52148"}],"collection":[{"href":"https:\/\/vocesdebaires.com.ar\/index.php\/wp-json\/wp\/v2\/posts"}],"about":[{"href":"https:\/\/vocesdebaires.com.ar\/index.php\/wp-json\/wp\/v2\/types\/post"}],"author":[{"embeddable":true,"href":"https:\/\/vocesdebaires.com.ar\/index.php\/wp-json\/wp\/v2\/users\/2"}],"replies":[{"embeddable":true,"href":"https:\/\/vocesdebaires.com.ar\/index.php\/wp-json\/wp\/v2\/comments?post=52148"}],"version-history":[{"count":1,"href":"https:\/\/vocesdebaires.com.ar\/index.php\/wp-json\/wp\/v2\/posts\/52148\/revisions"}],"predecessor-version":[{"id":52150,"href":"https:\/\/vocesdebaires.com.ar\/index.php\/wp-json\/wp\/v2\/posts\/52148\/revisions\/52150"}],"wp:featuredmedia":[{"embeddable":true,"href":"https:\/\/vocesdebaires.com.ar\/index.php\/wp-json\/wp\/v2\/media\/52149"}],"wp:attachment":[{"href":"https:\/\/vocesdebaires.com.ar\/index.php\/wp-json\/wp\/v2\/media?parent=52148"}],"wp:term":[{"taxonomy":"category","embeddable":true,"href":"https:\/\/vocesdebaires.com.ar\/index.php\/wp-json\/wp\/v2\/categories?post=52148"},{"taxonomy":"post_tag","embeddable":true,"href":"https:\/\/vocesdebaires.com.ar\/index.php\/wp-json\/wp\/v2\/tags?post=52148"}],"curies":[{"name":"wp","href":"https:\/\/api.w.org\/{rel}","templated":true}]}}