{"id":5218,"date":"2019-11-25T03:07:05","date_gmt":"2019-11-25T06:07:05","guid":{"rendered":"http:\/\/vocesdebaires.com.ar\/wordpress\/index.php\/2019\/11\/25\/nuevo-regimen-para-la-disposicion-de-inmuebles\/"},"modified":"2019-11-25T03:07:05","modified_gmt":"2019-11-25T06:07:05","slug":"nuevo-regimen-para-la-disposicion-de-inmuebles","status":"publish","type":"post","link":"https:\/\/vocesdebaires.com.ar\/index.php\/2019\/11\/25\/nuevo-regimen-para-la-disposicion-de-inmuebles\/","title":{"rendered":"Nuevo R\u00e9gimen para la disposici\u00f3n de Inmuebles"},"content":{"rendered":"<p>Un nuevo R\u00e9gimen para la disposici\u00f3n de bienes inmuebles en el sector p\u00fablico de la Ciudad Aut\u00f3noma de Buenos Aires fue sancionado este jueves por los diputados porte\u00f1os, por iniciativa de la Jefatura de Gobierno. Como reza su art\u00edculo primero, la nueva ley tiene &quot;el objeto de establecer los lineamientos b\u00e1sicos a observar en los procedimientos aplicables a los actos de disposici\u00f3n de bienes inmuebles de dominio de la Ciudad Aut\u00f3noma de Buenos Aires, entendi\u00e9ndose por tales aquellos que impliquen la constituci\u00f3n de un derecho real en los t\u00e9rminos del Libro IV del C\u00f3digo Civil y Comercial de la Naci\u00f3n&quot;.<\/p>\n<p>Su \u00e1mbito de aplicaci\u00f3n ser\u00e1 todo el sector p\u00fablico, incluyendo la Administraci\u00f3n Central, entes descentralizados, entidades aut\u00e1rquicas y cualquier otra que pudiera depender del Poder Ejecutivo y las Comunas; m\u00e1s los poderes Legislativo y Judicial; los \u00f3rganos de la Constituci\u00f3n local; empresas y sociedades del Estado, sociedades an\u00f3nimas con participaci\u00f3n estatal mayoritaria, sociedades de econom\u00eda mixta y otras donde la CABA tenga mayor\u00eda de capital o de decisiones. Los \u00fanicos exceptuados son el Instituto de Vivienda de la Ciudad y la Corporaci\u00f3n Buenos Aires Sur S.E., por la \u00edndole de sus funciones.<\/p>\n<p>El r\u00e9gimen creado fija los principios generales (de libre competencia, concurrencia e igualdad, de legalidad, publicidad y difusi\u00f3n, transparencia, razonabilidad, eficiencia y uso de tecnolog\u00eda para permitir la participaci\u00f3n real de la comunidad). Luego, el nuevo reglamento espec\u00edfica y detalla las normas de procedimiento &quot;desde el inicio de las actuaciones y hasta la finalizaci\u00f3n&quot;. Para la venta de inmuebles p\u00fablicos, la repartici\u00f3n enajenante deber\u00e1 establecer alguna de las siguientes modalidades: subasta p\u00fablica; licitaci\u00f3n p\u00fablica; concurso p\u00fablico; disposici\u00f3n directa; venta con prioridad de compra.<\/p>\n<p>&quot;Por regla general, el procedimiento aplicable ser\u00e1 el de subasta p\u00fablica. La elecci\u00f3n de otro procedimiento deber\u00e1 estar debidamente fundada, ponder\u00e1ndose las caracter\u00edsticas del bien inmueble, el monto estimado de la operaci\u00f3n, las condiciones de comercializaci\u00f3n y el inter\u00e9s p\u00fablico que represente la operaci\u00f3n&quot;, ordena la ley. La iniciativa lleg\u00f3 al recinto con despacho de la comisi\u00f3n de Presupuesto, Hacienda, Administraci\u00f3n Financiera y Pol\u00edtica Tributaria, que preside la legisladora\u00a0 Paula Villalba (VJ), quien explic\u00f3 los alcances de la norma. Hablaron luego los\u00a0 legisladores Paula Penacca (UC), Ma. Rosa Mui\u00f1os (BP), In\u00e9s Gorbea (Ev), Sergio Abrevaya (Gen), Laura Marrone y Gabriel Solano (FIT), Marta Mart\u00ednez (AyL).<\/p>\n<p>Se sancion\u00f3 con 33 votos positivos del bloque VJ, 13 negativos de UC, BO e izquierdas y 9 abstenciones del resto de los presentes. Ratificaron acuerdo por la coparticipaci\u00f3n Por resoluci\u00f3n legislativa, qued\u00f3 ratificado el \u00faltimo acuerdo suscripto en octubre pasado entre los gobiernos nacional y de la Ciudad de Buenos Aires referido a la coparticipaci\u00f3n de recursos impositivos recaudados por la Naci\u00f3n. En 1988, cuando se sancion\u00f3 la Ley de Coparticipaci\u00f3n, la entonces Municipalidad de Buenos Aires participaba del prorrateo en una proporci\u00f3n de 1,5 %. Dicha norma se modific\u00f3 y actualiz\u00f3 en varias oportunidades y, desde 2016, la Ciudad Aut\u00f3noma comenz\u00f3 a percibir el 3,75 % ya que asumi\u00f3 nuevas funciones y se hizo cargo de servicios antes nacionalizados, con nuevos costos en bienes y personal.<\/p>\n<p>En 2018, como consecuencia del Pacto Fiscal suscripto con la Naci\u00f3n y todas las provincias argentinas, la CABA resign\u00f3 en favor de otros distritos una porci\u00f3n de sus ingresos coparticipables, y baj\u00f3 su al\u00edcuota de 3,75% a 3,50%. Estos cambios quedaron explicitados en el acta acuerdo que hoy fue ratificado por la Legislatura porte\u00f1a. El acuerdo Naci\u00f3n &#8211; Ciudad qued\u00f3 ratificado por 43 votos positivos de VJ, Ev, Gen y PS y 15 negativos de UC, BP, FIT, AyL).<\/p>\n<p>Creaci\u00f3n del Consejo Argentino de Di\u00e1logo Interreligioso<br \/>La Legislatura de la Ciudad Aut\u00f3noma de Buenos Aires manifest\u00f3 su benepl\u00e1cito ante la creaci\u00f3n y puesta en funcionamiento del Consejo Argentino del Di\u00e1logo Interreligioso en el marco del Instituto del Di\u00e1logo Interreligioso Argentino. El pasado 15 de noviembre se anunci\u00f3 la creaci\u00f3n durante un Congreso realizado en Roma, Italia, para reflexionar sobre el Documento &quot;Fraternidad Humana para la paz mundial y la convivencia com\u00fan&quot;, firmado por el Papa Francisco y el Gran Im\u00e1n de Al-Azhar, Ahmad Al-Tayeb, el 4 de febrero pasado en Abu Dhabi.<\/p>\n<p>Tal iniciativa promueve la convivencia y la b\u00fasqueda de consensos como un aporte positivo para la sociedad y el pa\u00eds a trav\u00e9s del intercambio de un lenguaje com\u00fan entre los distintos cultos. Debe destacar la horizontalidad de en la interacci\u00f3n de sus miembros, pues se trata de un espacio entre pares, con una estructura plural determinada con valores a largo plazo y un plan de acciones a lograr para plasmar los nobles objetivos que se plantean. Los legisladores\/as Mar\u00eda Rosa Mui\u00f1os (BP), Omar Abboud, Claudio Cingolani, Guillermo Gonz\u00e1lez Heredia, Paola Michielotto y Jian Ping Yuan (VJ) presentaron la iniciativa, aprobada sobre tablas.<\/p>\n","protected":false},"excerpt":{"rendered":"<p>Un nuevo R\u00e9gimen para la disposici\u00f3n de bienes inmuebles en el sector p\u00fablico de la Ciudad Aut\u00f3noma de Buenos Aires fue sancionado este jueves por los diputados porte\u00f1os, por iniciativa de la Jefatura de Gobierno. Como reza su art\u00edculo primero, la nueva ley tiene &quot;el objeto de establecer los lineamientos b\u00e1sicos a observar en los [&hellip;]<\/p>\n","protected":false},"author":1,"featured_media":5219,"comment_status":"open","ping_status":"open","sticky":false,"template":"","format":"standard","meta":{"_et_pb_use_builder":"","_et_pb_old_content":"","_et_gb_content_width":"","footnotes":""},"categories":[11,33],"tags":[],"class_list":["post-5218","post","type-post","status-publish","format-standard","has-post-thumbnail","hentry","category-ciudad","category-sociedad-y-cultura-2"],"_links":{"self":[{"href":"https:\/\/vocesdebaires.com.ar\/index.php\/wp-json\/wp\/v2\/posts\/5218"}],"collection":[{"href":"https:\/\/vocesdebaires.com.ar\/index.php\/wp-json\/wp\/v2\/posts"}],"about":[{"href":"https:\/\/vocesdebaires.com.ar\/index.php\/wp-json\/wp\/v2\/types\/post"}],"author":[{"embeddable":true,"href":"https:\/\/vocesdebaires.com.ar\/index.php\/wp-json\/wp\/v2\/users\/1"}],"replies":[{"embeddable":true,"href":"https:\/\/vocesdebaires.com.ar\/index.php\/wp-json\/wp\/v2\/comments?post=5218"}],"version-history":[{"count":0,"href":"https:\/\/vocesdebaires.com.ar\/index.php\/wp-json\/wp\/v2\/posts\/5218\/revisions"}],"wp:featuredmedia":[{"embeddable":true,"href":"https:\/\/vocesdebaires.com.ar\/index.php\/wp-json\/wp\/v2\/media\/5219"}],"wp:attachment":[{"href":"https:\/\/vocesdebaires.com.ar\/index.php\/wp-json\/wp\/v2\/media?parent=5218"}],"wp:term":[{"taxonomy":"category","embeddable":true,"href":"https:\/\/vocesdebaires.com.ar\/index.php\/wp-json\/wp\/v2\/categories?post=5218"},{"taxonomy":"post_tag","embeddable":true,"href":"https:\/\/vocesdebaires.com.ar\/index.php\/wp-json\/wp\/v2\/tags?post=5218"}],"curies":[{"name":"wp","href":"https:\/\/api.w.org\/{rel}","templated":true}]}}