{"id":5232,"date":"2019-11-22T17:51:31","date_gmt":"2019-11-22T20:51:31","guid":{"rendered":"http:\/\/vocesdebaires.com.ar\/wordpress\/index.php\/2019\/11\/22\/es-ley-urbanizacion-del-mercado-de-liniers\/"},"modified":"2019-11-22T17:51:31","modified_gmt":"2019-11-22T20:51:31","slug":"es-ley-urbanizacion-del-mercado-de-liniers","status":"publish","type":"post","link":"https:\/\/vocesdebaires.com.ar\/index.php\/2019\/11\/22\/es-ley-urbanizacion-del-mercado-de-liniers\/","title":{"rendered":"Es ley: Urbanizaci\u00f3n del Mercado de Liniers"},"content":{"rendered":"<p>Los legisladores\u00a0 de la Ciudad de Buenos Aires sancionaron hoy no podes por mayor\u00eda la ley que &quot;tiene por objeto el desarrollo e integraci\u00f3n urbana&quot; del pol\u00edgono donde actualmente funciona el Mercado de Hacienda de Liniers, en el barrio Mataderos &#8211; Comuna 9, tal como expresa su primer art\u00edculo. Se trata de &quot;la urbanizaci\u00f3n del predio y la creaci\u00f3n dentro del espacio p\u00fablico de un Parque Tem\u00e1tico con un conjunto de atracciones, espacios para el ocio, entretenimiento, educaci\u00f3n y cultura, organizadas en la l\u00ednea argumental de las actividades rurales.<\/p>\n<p>Se complementar\u00e1 con gastronom\u00eda que responde a la tradici\u00f3n del predio hist\u00f3ricamente destinado a una de las etapas del proceso de industrializaci\u00f3n de la carne&quot; (textual art. 1\u00b0). El hist\u00f3rico Mercado fundado en 1884 y al que llegan semanalmente decenas de miles de ejemplares de ganado en pie, provenientes de todo el pa\u00eds, ser\u00e1 mudado a nuevas instalaciones en partido bonaerense de Ca\u00f1uelas, como ya dispuso una ley de la Ciudad y los respectivos convenios con la Provincia y la Naci\u00f3n.<\/p>\n<p>La superficie que hoy corresponde al Mercado de Liniers y su entorno es equivalente a unas 50 manzanas o hect\u00e1reas, delimitadas por las avenidas Lisandro De la Torre, Eva Per\u00f3n, Murguiondo y Rod\u00f3. La norma sancionada este jueves rezonifica todo ese sector y aprueba el proyecto originado en la Jefatura de Gobierno, tratado en las comisiones de Planeamiento Urbano y de Presupuesto, aprobado en primera lectura el a\u00f1o pasado, discutido en Audiencia P\u00fablica y hoy nuevamente aprobado en segunda lectura.<\/p>\n<p>De esas 50 hect\u00e1reas, unas 42 ha. quedan incluidas en el gran plan de desarrollo urban\u00edstico, paisaj\u00edstico, comercial, cultural, residencial, gastron\u00f3mico, recreativo y deportivo. Descontada la superficie del Parque Juan Bautista Alberdi, el paseo Liborio Pupillo (donde est\u00e1 la estatua al Resero) con sus edificios tradicionales, que ser\u00e1n mantenidos y puestos en valor, restar\u00e1n unas 30 manzanas para los nuevos emprendimientos p\u00fablicos y privados.<\/p>\n<p>Los terrenos que van desde Av. Directorio hacia el noroeste, hasta Rod\u00f3 (entre Murguiondo y De la Torre), quedan zonificados como urbanizaci\u00f3n futura y excluidos del sector a urbanizar y parquizar (hoy funcionan all\u00ed un gran laboratorio farmac\u00e9utico y otras empresas privadas). En las restantes 42 hect\u00e1reas (pol\u00edgono formado por las avenidas De la Torre, Eva Per\u00f3n, Murguiondo y Directorio) se abrir\u00e1n 12 nuevas calles que integrar\u00e1n el gran predio con el resto del barrio.<\/p>\n<p>Las obras a realizar deber\u00e1n tener en cuenta la localizaci\u00f3n del Arroyo Cild\u00e1\u00f1ez y los organismos competentes podr\u00e1n proponer trabajos para prevenir inundaciones y controlar las napas fre\u00e1ticas. Como en otros emprendimientos similares, de urbanizaci\u00f3n en terrenos fiscales traspasados por la Naci\u00f3n, el 65 % del suelo debe destinarse a espacio p\u00fablico. En este caso, adem\u00e1s, se estipula que debe haber un m\u00ednimo de 7 ha. de piso absorbente.<\/p>\n<p>Para las familias que viven dentro de esos l\u00edmites y que ya fueron oficialmente censadas, la ley obliga al Ejecutivo a resolver sus necesidades habitacionales seg\u00fan varias alternativas sin costo para las personas. Una de las posibilidades incluidas en la ley es el otorgamiento en comodato por 50 a\u00f1os de vivienda en el mismo lugar, en el sector asignado a dependencias administrativas. Las familias censadas fueron 25, pero en la propia sesi\u00f3n se agregaron nuevos nombres de personas que estaban ausentes en los momentos de censos o descendientes directos de personas fallecidas.<\/p>\n<p>En cuanto a las concesiones de uso y explotaci\u00f3n y\/o de obra p\u00fablica, se autoriza al Ejecutivo a otorgarlas por un plazo de 15 a\u00f1os prorrogable por \u00fanica vez por otros 5 a\u00f1os. Tambi\u00e9n se podr\u00e1n otorgar concesiones para mantenimiento y obras de edificios y de un parque tem\u00e1tico.Los puestos de trabajo en obras y mantenimiento deber\u00e1n ser ocupados en al menos un 20% por residentes en la Comuna 9. Dentro del pol\u00edgono y sobre el frente de av. Lisandro de la Torre se localizar\u00e1 la Feria de las Tradiciones Populares Argentinas.<\/p>\n<p>En lo educativo se prev\u00e9n un secundario com\u00fan, una escuela inicial de jornada extendida y otra primaria, todos de gesti\u00f3n estatal. A su vez, se realizar\u00e1n las gestiones necesarias ante el Estado Nacional y la Universidad de Buenos Aires para la instalaci\u00f3n de una sede del Ciclo B\u00e1sico Com\u00fan. Al menos un 10% de la superficie que se destine a edificaci\u00f3n ser\u00e1 transferido al Instituto de la Vivienda para el Plan de Vivienda Asequible, al que podr\u00e1n acceder los vecinos de la Comuna 9 con al menos 5 a\u00f1os de residencia.<\/p>\n<p>Las 30 manzanas a desarrollarse se dividir\u00e1n en zonas: de equipamiento educativo; de espacio p\u00fablico, cultural y esparcimiento; zona mixta de comercios, servicios, recreaci\u00f3n, hoteles, viviendas; de espacios p\u00fablicos y equipamiento p\u00fablico con suelos verdes parquizados, escuelas, canchitas de f\u00fatbol o similares de otros deportes; y del Parque Juan Bautista Alberdi, donde las remodelaciones deben ser de utilidad p\u00fablica y no alterar el lugar.<\/p>\n<p>La sanci\u00f3n se logr\u00f3 con 43 votos positivos de VJ, PS y Ev y Gen, y 15 votos negativos de UC, BP, FIT, AyL. Previamente, hablaron en el debate Victoria Rold\u00e1n M\u00e9ndez (VJ), miembro informante y presidente de la comisi\u00f3n de Planeamiento Urbano, Daniel Del Sol (VJ), Mar\u00eda Rosa Mui\u00f1os (BP), Gabriel Solano (FIT), Fernando Vilardo (AyL), In\u00e9s Gorbea (Ev) y Carlos Tomada (UC).<\/p>\n<p>Nueva pr\u00f3rroga para el cierre del Mercado:<\/p>\n<p>Una vez m\u00e1s, la Legislatura de la CABA prorrog\u00f3 el art\u00edculo 1\u00b0 de la ley 622, sancionada en 2001 que proh\u00edbe el ingreso de ganado en pie con la excepci\u00f3n de aquellos animales destinados a exposiciones, ferias o actividades cient\u00edficas, culturales o deportivas.<\/p>\n<p>C\u00f3mo todav\u00eda funciona en Mataderos el Mercado de Hacienda, \u00e9sta disposici\u00f3n se viene prorrogando desde el a\u00f1o 2005 y hoy la Legislatura, a pedido de la Jefatura de Gobierno, estir\u00f3 una vez m\u00e1s los plazos hasta el 1\u00b0 de julio de 2020. Como es de p\u00fablico conocimiento, el Mercado de Liniers S.A. se encuentra realizando las obras necesarias para su radicaci\u00f3n en un predio del partido bonaerense de Ca\u00f1uelas, 60 km. al sudoeste de la Capital Federal. El final de obra se prev\u00e9 para julio de 2020, se inform\u00f3 en los fundamentos del proyecto aprobado sobre tablas.<\/p>\n","protected":false},"excerpt":{"rendered":"<p>Los legisladores\u00a0 de la Ciudad de Buenos Aires sancionaron hoy no podes por mayor\u00eda la ley que &quot;tiene por objeto el desarrollo e integraci\u00f3n urbana&quot; del pol\u00edgono donde actualmente funciona el Mercado de Hacienda de Liniers, en el barrio Mataderos &#8211; Comuna 9, tal como expresa su primer art\u00edculo. Se trata de &quot;la urbanizaci\u00f3n del [&hellip;]<\/p>\n","protected":false},"author":1,"featured_media":5233,"comment_status":"open","ping_status":"open","sticky":false,"template":"","format":"standard","meta":{"_et_pb_use_builder":"","_et_pb_old_content":"","_et_gb_content_width":"","footnotes":""},"categories":[11,32],"tags":[],"class_list":["post-5232","post","type-post","status-publish","format-standard","has-post-thumbnail","hentry","category-ciudad","category-comunas"],"_links":{"self":[{"href":"https:\/\/vocesdebaires.com.ar\/index.php\/wp-json\/wp\/v2\/posts\/5232"}],"collection":[{"href":"https:\/\/vocesdebaires.com.ar\/index.php\/wp-json\/wp\/v2\/posts"}],"about":[{"href":"https:\/\/vocesdebaires.com.ar\/index.php\/wp-json\/wp\/v2\/types\/post"}],"author":[{"embeddable":true,"href":"https:\/\/vocesdebaires.com.ar\/index.php\/wp-json\/wp\/v2\/users\/1"}],"replies":[{"embeddable":true,"href":"https:\/\/vocesdebaires.com.ar\/index.php\/wp-json\/wp\/v2\/comments?post=5232"}],"version-history":[{"count":0,"href":"https:\/\/vocesdebaires.com.ar\/index.php\/wp-json\/wp\/v2\/posts\/5232\/revisions"}],"wp:featuredmedia":[{"embeddable":true,"href":"https:\/\/vocesdebaires.com.ar\/index.php\/wp-json\/wp\/v2\/media\/5233"}],"wp:attachment":[{"href":"https:\/\/vocesdebaires.com.ar\/index.php\/wp-json\/wp\/v2\/media?parent=5232"}],"wp:term":[{"taxonomy":"category","embeddable":true,"href":"https:\/\/vocesdebaires.com.ar\/index.php\/wp-json\/wp\/v2\/categories?post=5232"},{"taxonomy":"post_tag","embeddable":true,"href":"https:\/\/vocesdebaires.com.ar\/index.php\/wp-json\/wp\/v2\/tags?post=5232"}],"curies":[{"name":"wp","href":"https:\/\/api.w.org\/{rel}","templated":true}]}}