{"id":524,"date":"2021-01-20T03:00:00","date_gmt":"2021-01-20T06:00:00","guid":{"rendered":"http:\/\/vocesdebaires.com.ar\/wordpress\/index.php\/2021\/01\/20\/villa-del-parque-cayo-un-ladron-de-motos\/"},"modified":"2021-01-20T03:00:00","modified_gmt":"2021-01-20T06:00:00","slug":"villa-del-parque-cayo-un-ladron-de-motos","status":"publish","type":"post","link":"https:\/\/vocesdebaires.com.ar\/index.php\/2021\/01\/20\/villa-del-parque-cayo-un-ladron-de-motos\/","title":{"rendered":"Villa del Parque, cay\u00f3 un ladr\u00f3n de motos"},"content":{"rendered":"<p>Personal de la Divisi\u00f3n Sumarios y Brigadas de la Comisar\u00eda Comunal 11 de la Polic\u00eda de la Ciudad, que se encontraba realizando tareas de despliegue territorial, observ\u00f3 una moto con dos tripulantes sin casco que miraban hacia el interior de los veh\u00edculos estacionados, en la intersecci\u00f3n de las avenidas Nazca y \u00c1lvarez Jonte. Ante esta situaci\u00f3n, los efectivos le dieron la voz de alto y, al notar la presencia policial, los dos hombres intentaron darse a la fuga por \u00c1lvarez Jonte. Al llegar a la intersecci\u00f3n con Helguera, ambas personas se bajaron de la moto, la dejaron tirada en la vereda y siguieron su camino a pie.<\/p>\n<p>Uno de los imputados logr\u00f3 darse a la fuga, pero el segundo fue detenido sobre la calle Adolfo Carranza al 2900, cuando se sacaba la campera y la gorra para evitar ser reconocido. Al tratarse de un menor de edad de 17 a\u00f1os, los oficiales se comunicaron con el Juzgado de Menores N\u00famero 2, a cargo de la doctora Silvia Sassano y ante la Secretar\u00eda N\u00famero 5 de la doctora Mar\u00eda Halperin, y se dispuso la detenci\u00f3n del mismo y su traslado al Instituto Inchausti. Al chequear los datos de la moto, se corrobor\u00f3 que no ten\u00eda impedimentos para circular y se estableci\u00f3 comunicaci\u00f3n con su due\u00f1o, que manifest\u00f3 que se la hab\u00edan robado en la calle Concordia al 900, en el barrio de Villa Santa Rita. Luego de recibir la declaraci\u00f3n testimonial del damnificado, y realizar las correspondientes pericias, se le devolvi\u00f3 el rodado.<\/p>\n","protected":false},"excerpt":{"rendered":"<p>Personal de la Divisi\u00f3n Sumarios y Brigadas de la Comisar\u00eda Comunal 11 de la Polic\u00eda de la Ciudad, que se encontraba realizando tareas de despliegue territorial, observ\u00f3 una moto con dos tripulantes sin casco que miraban hacia el interior de los veh\u00edculos estacionados, en la intersecci\u00f3n de las avenidas Nazca y \u00c1lvarez Jonte. Ante esta [&hellip;]<\/p>\n","protected":false},"author":1,"featured_media":525,"comment_status":"open","ping_status":"open","sticky":false,"template":"","format":"standard","meta":{"_et_pb_use_builder":"","_et_pb_old_content":"","_et_gb_content_width":"","footnotes":""},"categories":[11,32],"tags":[],"class_list":["post-524","post","type-post","status-publish","format-standard","has-post-thumbnail","hentry","category-ciudad","category-comunas"],"_links":{"self":[{"href":"https:\/\/vocesdebaires.com.ar\/index.php\/wp-json\/wp\/v2\/posts\/524"}],"collection":[{"href":"https:\/\/vocesdebaires.com.ar\/index.php\/wp-json\/wp\/v2\/posts"}],"about":[{"href":"https:\/\/vocesdebaires.com.ar\/index.php\/wp-json\/wp\/v2\/types\/post"}],"author":[{"embeddable":true,"href":"https:\/\/vocesdebaires.com.ar\/index.php\/wp-json\/wp\/v2\/users\/1"}],"replies":[{"embeddable":true,"href":"https:\/\/vocesdebaires.com.ar\/index.php\/wp-json\/wp\/v2\/comments?post=524"}],"version-history":[{"count":0,"href":"https:\/\/vocesdebaires.com.ar\/index.php\/wp-json\/wp\/v2\/posts\/524\/revisions"}],"wp:featuredmedia":[{"embeddable":true,"href":"https:\/\/vocesdebaires.com.ar\/index.php\/wp-json\/wp\/v2\/media\/525"}],"wp:attachment":[{"href":"https:\/\/vocesdebaires.com.ar\/index.php\/wp-json\/wp\/v2\/media?parent=524"}],"wp:term":[{"taxonomy":"category","embeddable":true,"href":"https:\/\/vocesdebaires.com.ar\/index.php\/wp-json\/wp\/v2\/categories?post=524"},{"taxonomy":"post_tag","embeddable":true,"href":"https:\/\/vocesdebaires.com.ar\/index.php\/wp-json\/wp\/v2\/tags?post=524"}],"curies":[{"name":"wp","href":"https:\/\/api.w.org\/{rel}","templated":true}]}}