{"id":5240,"date":"2019-11-22T17:16:37","date_gmt":"2019-11-22T20:16:37","guid":{"rendered":"http:\/\/vocesdebaires.com.ar\/wordpress\/index.php\/2019\/11\/22\/ciudad-policia-capturo-a-un-peligroso-dealer\/"},"modified":"2019-11-22T17:16:37","modified_gmt":"2019-11-22T20:16:37","slug":"ciudad-policia-capturo-a-un-peligroso-dealer","status":"publish","type":"post","link":"https:\/\/vocesdebaires.com.ar\/index.php\/2019\/11\/22\/ciudad-policia-capturo-a-un-peligroso-dealer\/","title":{"rendered":"Ciudad: Polic\u00eda captur\u00f3 a un peligroso dealer"},"content":{"rendered":"<p>Luego de varios d\u00edas de investigaci\u00f3n, la Polic\u00eda de la Ciudad detuvo a un dealer, y allan\u00f3 dos domicilios en el barrio de La Paternal. El pasado 4 de noviembre, miembros de la Divisi\u00f3n Sumarios y Brigadas de Prevenci\u00f3n de la Comuna 15, detuvieron a un hombre por infracci\u00f3n a la Ley 23.737, quien a su vez denunci\u00f3 haber recibido un disparo de arma de fuego en una de sus piernas por parte de una persona conocida en el barrio por vender droga. Ante tal situaci\u00f3n, dio intervenci\u00f3n la Unidad Fiscal de Casos Especiales \u00c1rea Norte a cargo de la Dra. Cecilia Amil Mart\u00edn, quien orden\u00f3 tareas investigativas llevadas a acabo tambi\u00e9n por miembros de la Comisar\u00eda Vecinal 15 A de la Polic\u00eda de la Ciudad.<\/p>\n<p>De esta manera, se logr\u00f3 determinar la identidad del autor del disparo y sus domicilios, ubicados en la calle Cucha Cucha al 2500, que fueron allanados inmediatamente, encontr\u00e1ndose en su interior un revolver calibre 22 largo con gran cantidad de municiones del mismo calibre, dos rifles de aire comprimido, un frasco y dos envoltorios de con marihuana, varios paquetes y macetas con fertilizante utilizados para la plantaci\u00f3n de la marihuana y m\u00e1s de 55 mil d\u00f3lares.  El hombre fue detenido y el caso qued\u00f3 a cargo del Juzgado Penal, Contravencional y de Faltas N\u00b0 12 a cargo de la Dra. Patricia Ana Larocca.<\/p>\n","protected":false},"excerpt":{"rendered":"<p>Luego de varios d\u00edas de investigaci\u00f3n, la Polic\u00eda de la Ciudad detuvo a un dealer, y allan\u00f3 dos domicilios en el barrio de La Paternal. El pasado 4 de noviembre, miembros de la Divisi\u00f3n Sumarios y Brigadas de Prevenci\u00f3n de la Comuna 15, detuvieron a un hombre por infracci\u00f3n a la Ley 23.737, quien a [&hellip;]<\/p>\n","protected":false},"author":1,"featured_media":5241,"comment_status":"open","ping_status":"open","sticky":false,"template":"","format":"standard","meta":{"_et_pb_use_builder":"","_et_pb_old_content":"","_et_gb_content_width":"","footnotes":""},"categories":[11,33],"tags":[],"class_list":["post-5240","post","type-post","status-publish","format-standard","has-post-thumbnail","hentry","category-ciudad","category-sociedad-y-cultura-2"],"_links":{"self":[{"href":"https:\/\/vocesdebaires.com.ar\/index.php\/wp-json\/wp\/v2\/posts\/5240"}],"collection":[{"href":"https:\/\/vocesdebaires.com.ar\/index.php\/wp-json\/wp\/v2\/posts"}],"about":[{"href":"https:\/\/vocesdebaires.com.ar\/index.php\/wp-json\/wp\/v2\/types\/post"}],"author":[{"embeddable":true,"href":"https:\/\/vocesdebaires.com.ar\/index.php\/wp-json\/wp\/v2\/users\/1"}],"replies":[{"embeddable":true,"href":"https:\/\/vocesdebaires.com.ar\/index.php\/wp-json\/wp\/v2\/comments?post=5240"}],"version-history":[{"count":0,"href":"https:\/\/vocesdebaires.com.ar\/index.php\/wp-json\/wp\/v2\/posts\/5240\/revisions"}],"wp:featuredmedia":[{"embeddable":true,"href":"https:\/\/vocesdebaires.com.ar\/index.php\/wp-json\/wp\/v2\/media\/5241"}],"wp:attachment":[{"href":"https:\/\/vocesdebaires.com.ar\/index.php\/wp-json\/wp\/v2\/media?parent=5240"}],"wp:term":[{"taxonomy":"category","embeddable":true,"href":"https:\/\/vocesdebaires.com.ar\/index.php\/wp-json\/wp\/v2\/categories?post=5240"},{"taxonomy":"post_tag","embeddable":true,"href":"https:\/\/vocesdebaires.com.ar\/index.php\/wp-json\/wp\/v2\/tags?post=5240"}],"curies":[{"name":"wp","href":"https:\/\/api.w.org\/{rel}","templated":true}]}}