{"id":5243,"date":"2019-11-22T16:57:36","date_gmt":"2019-11-22T19:57:36","guid":{"rendered":"http:\/\/vocesdebaires.com.ar\/wordpress\/index.php\/2019\/11\/22\/vidal-recorrio-la-obra-de-desagues-pluviales\/"},"modified":"2019-11-22T16:57:36","modified_gmt":"2019-11-22T19:57:36","slug":"vidal-recorrio-la-obra-de-desagues-pluviales","status":"publish","type":"post","link":"https:\/\/vocesdebaires.com.ar\/index.php\/2019\/11\/22\/vidal-recorrio-la-obra-de-desagues-pluviales\/","title":{"rendered":"Vidal recorri\u00f3 la obra de desag\u00fces pluviales"},"content":{"rendered":"<p>La gobernadora de la Provincia de Buenos Aires, Mar\u00eda Eugenia Vidal, recorri\u00f3 ayer\u00a0 la obra de Desag\u00fces Pluviales de la Cuenca del Arroyo Dupuy en La Matanza que se encuentra pr\u00f3xima a finalizarse.<br \/>La mandataria estuvo acompa\u00f1ada por el diputado nacional, H\u00e9ctor \u201cToty\u201d Flores; y vecinos del barrio Laferrere que fueron afectados por inundaciones. Los trabajos son ejecutados y financiados por el Ministerio de Infraestructura y Servicios P\u00fablicos de la Provincia. Con una inversi\u00f3n de m\u00e1s de $231 millones, comenzaron en noviembre de 2017 y finalizar\u00e1n a fines de diciembre de este a\u00f1o.<\/p>\n<p>El proyecto comprende la etapa 1 del saneamiento de la Cuenca aguas abajo de la Ruta Nacional N\u00b03, en la localidad de Gregorio de Laferrere con el objetivo de mejorar las condiciones de drenaje.El desarrollo de la red pluvial completa proporcionar\u00e1 un saneamiento hidr\u00e1ulico para la zona y las mejoras en la infraestructura del drenaje urbano traer\u00e1n aparejados beneficios sociales y econ\u00f3micos para la comunidad. Desde diciembre de 2015, la Provincia llev\u00f3 adelante un plan de obras hidr\u00e1ulicas con una inversi\u00f3n total de m\u00e1s de 800 millones de d\u00f3lares, que se traducen en m\u00e1s de 300 obras finalizadas y otras 190 en ejecuci\u00f3n que benefician a millones de bonaerenses en 125 municipios.<\/p>\n","protected":false},"excerpt":{"rendered":"<p>La gobernadora de la Provincia de Buenos Aires, Mar\u00eda Eugenia Vidal, recorri\u00f3 ayer\u00a0 la obra de Desag\u00fces Pluviales de la Cuenca del Arroyo Dupuy en La Matanza que se encuentra pr\u00f3xima a finalizarse.La mandataria estuvo acompa\u00f1ada por el diputado nacional, H\u00e9ctor \u201cToty\u201d Flores; y vecinos del barrio Laferrere que fueron afectados por inundaciones. Los trabajos [&hellip;]<\/p>\n","protected":false},"author":1,"featured_media":5244,"comment_status":"open","ping_status":"open","sticky":false,"template":"","format":"standard","meta":{"_et_pb_use_builder":"","_et_pb_old_content":"","_et_gb_content_width":"","footnotes":""},"categories":[35,13],"tags":[],"class_list":["post-5243","post","type-post","status-publish","format-standard","has-post-thumbnail","hentry","category-gobierno","category-provincia"],"_links":{"self":[{"href":"https:\/\/vocesdebaires.com.ar\/index.php\/wp-json\/wp\/v2\/posts\/5243"}],"collection":[{"href":"https:\/\/vocesdebaires.com.ar\/index.php\/wp-json\/wp\/v2\/posts"}],"about":[{"href":"https:\/\/vocesdebaires.com.ar\/index.php\/wp-json\/wp\/v2\/types\/post"}],"author":[{"embeddable":true,"href":"https:\/\/vocesdebaires.com.ar\/index.php\/wp-json\/wp\/v2\/users\/1"}],"replies":[{"embeddable":true,"href":"https:\/\/vocesdebaires.com.ar\/index.php\/wp-json\/wp\/v2\/comments?post=5243"}],"version-history":[{"count":0,"href":"https:\/\/vocesdebaires.com.ar\/index.php\/wp-json\/wp\/v2\/posts\/5243\/revisions"}],"wp:featuredmedia":[{"embeddable":true,"href":"https:\/\/vocesdebaires.com.ar\/index.php\/wp-json\/wp\/v2\/media\/5244"}],"wp:attachment":[{"href":"https:\/\/vocesdebaires.com.ar\/index.php\/wp-json\/wp\/v2\/media?parent=5243"}],"wp:term":[{"taxonomy":"category","embeddable":true,"href":"https:\/\/vocesdebaires.com.ar\/index.php\/wp-json\/wp\/v2\/categories?post=5243"},{"taxonomy":"post_tag","embeddable":true,"href":"https:\/\/vocesdebaires.com.ar\/index.php\/wp-json\/wp\/v2\/tags?post=5243"}],"curies":[{"name":"wp","href":"https:\/\/api.w.org\/{rel}","templated":true}]}}