{"id":5249,"date":"2019-11-21T03:00:00","date_gmt":"2019-11-21T06:00:00","guid":{"rendered":"http:\/\/vocesdebaires.com.ar\/wordpress\/index.php\/2019\/11\/21\/reunion-por-alquiler-temporario-turistico\/"},"modified":"2019-11-21T03:00:00","modified_gmt":"2019-11-21T06:00:00","slug":"reunion-por-alquiler-temporario-turistico","status":"publish","type":"post","link":"https:\/\/vocesdebaires.com.ar\/index.php\/2019\/11\/21\/reunion-por-alquiler-temporario-turistico\/","title":{"rendered":"Reuni\u00f3n por Alquiler Temporario Tur\u00edstico"},"content":{"rendered":"<p>En el marco de una reuni\u00f3n informativa conjunta entre las Comisiones de asesoramiento permanente en asuntos de Desarrollo econ\u00f3mico, MerCoSur y Pol\u00edticas de empleo, Transporte y turismo y Justicia fue presentado el proyecto de ley que procura la creaci\u00f3n de un r\u00e9gimen a efectos de regular la actividad de Alquiler Temporario Tur\u00edstico en la Ciudad Aut\u00f3noma de Buenos Aires. El responsable del Ente de Turismo -ENTUR-, Gonzalo Robredo, ante los legisladores se\u00f1al\u00f3 que &quot;el turismo constituye una de las actividades econ\u00f3micas m\u00e1s importantes a nivel global y crece a un ritmo del doble que la econom\u00eda mundial.<\/p>\n<p>Esta actividad es reconocida por las Naciones Unidas como una herramienta estrat\u00e9gica para la generaci\u00f3n de empleos, ingresos y el desarrollo sostenible de las ciudades, y como un factor clave para la mejora de la calidad de vida de sus habitantes&quot;. Refiri\u00f3 que &quot;este fen\u00f3meno no es ajeno a nuestra Ciudad de Buenos Aires, en donde el turismo internacional viene creciendo en forma ininterrumpida hace tres a\u00f1os. Y en particular, en este a\u00f1o 2019 se prev\u00e9 alcanzar el r\u00e9cord hist\u00f3rico de tres millones de turistas extranjeros, con un impacto econ\u00f3mico de m\u00e1s de tres mil millones de d\u00f3lares si incluimos el turismo dom\u00e9stico en la Ciudad.<\/p>\n<p>De este modo, el gasto de los visitantes se traduce en un mayor consumo de bienes y servicios locales como alojamiento, gastronom\u00eda, excursiones, actividades culturales y de entretenimiento, comercios, entre otros, lo cual dinamiza muy fuertemente a las peque\u00f1as y medianas empresas del tejido productivo de nuestra ciudad&quot;. El ENTUR creado por la Ley N\u00ba 2627 y actualmente dependiente de la Secretar\u00eda General y de Relaciones Internacionales de la Jefatura de Gobierno, tiene como objeto principal dise\u00f1ar y ejecutar pol\u00edticas y programas de promoci\u00f3n, desarrollo y fomento del turismo como actividad econ\u00f3mica estrat\u00e9gica de la Ciudad.<\/p>\n<p>Su plan estrat\u00e9gico pretende duplicar el impacto que el turismo tiene en el desarrollo econ\u00f3mico de la Ciudad y en este marco, los objetivos son aumentar para el a\u00f1o en curso el gasto promedio de viaje por turista extranjero en CABA en 35% acumulado (gasto promedio en pesos corrientes) y posicionar en los pr\u00f3ximos cuatro a\u00f1os a Buenos Aires entre las diez ciudades m\u00e1s atractivas del mundo seg\u00fan los principales rankings internacionales. En el \u00e1mbito de la Ciudad Aut\u00f3noma de Buenos Aires existen 18.800 alquileres temporarios de los cuales el 84% son de una sola propiedad y el 9% de dos. Seg\u00fan las estad\u00edsticas el 73% son propiedades completas, el 57% est\u00e1n siendo regenteadas por mujeres y el 13% por personas mayores de 70 a\u00f1os.<\/p>\n<p>&quot;El posicionamiento tur\u00edstico de los alojamientos disponibles en la Ciudad Aut\u00f3noma de Buenos Aires de la Ciudad requiere de un modelo de gesti\u00f3n autosustentable, que garantice la disposici\u00f3n y uso de los recursos necesarios para ejecutar acciones estrat\u00e9gicas, a efectos de potenciar no solo el turismo sino tambi\u00e9n las herramientas necesarias que lo ayudan a consumarse positivamente, traduci\u00e9ndose en un beneficio para la comunidad entera&quot; afirm\u00f3 el autor de la iniciativa\u00a0legislador Gonzalo Straface, quien fue acompa\u00f1ado por los legisladores\u00a0 Christian Bauab y Jian Ping Yuan (VJ).<\/p>\n<p>El proyecto de ley consiste en 26 art\u00edculos. El Cap\u00edtulo Primero se vincula al objeto, sujetos, definici\u00f3n y principios rectores. En tanto, el Cap\u00edtulo Segundo trata sobre &quot;Registraci\u00f3n de Propiedades de Alquiler Temporario Tur\u00edstico&quot;, el cap\u00edtulo Tercero refiere a las &quot;Plataformas Digitales&quot;, el Cuarto a las &quot;Funciones y facultades&quot; de la autoridad de aplicaci\u00f3n y establece las sanciones y faltas, en tanto el Quinto indica &quot;Disposiciones complementarias&quot;.<\/p>\n<p>Al comienzo de la reuni\u00f3n que se efectu\u00f3 en el sal\u00f3n Presidente Per\u00f3n, de la planta baja, hubo una decena de intervenciones en su mayor\u00eda de actuales anfitriones, que expresaron su apoyo a la iniciativa. La presidencia fue desempe\u00f1ada por los titulares de las Comisiones de Desarrollo econ\u00f3mico, MerCoSur y Pol\u00edticas de empleo Christian Bauab (VJ), de Transporte y turismo, Cristina Garc\u00eda (VJ) y Daniel Presti (VJ) por la de Justicia.<\/p>\n","protected":false},"excerpt":{"rendered":"<p>En el marco de una reuni\u00f3n informativa conjunta entre las Comisiones de asesoramiento permanente en asuntos de Desarrollo econ\u00f3mico, MerCoSur y Pol\u00edticas de empleo, Transporte y turismo y Justicia fue presentado el proyecto de ley que procura la creaci\u00f3n de un r\u00e9gimen a efectos de regular la actividad de Alquiler Temporario Tur\u00edstico en la Ciudad [&hellip;]<\/p>\n","protected":false},"author":1,"featured_media":5250,"comment_status":"open","ping_status":"open","sticky":false,"template":"","format":"standard","meta":{"_et_pb_use_builder":"","_et_pb_old_content":"","_et_gb_content_width":"","footnotes":""},"categories":[11,32],"tags":[],"class_list":["post-5249","post","type-post","status-publish","format-standard","has-post-thumbnail","hentry","category-ciudad","category-comunas"],"_links":{"self":[{"href":"https:\/\/vocesdebaires.com.ar\/index.php\/wp-json\/wp\/v2\/posts\/5249"}],"collection":[{"href":"https:\/\/vocesdebaires.com.ar\/index.php\/wp-json\/wp\/v2\/posts"}],"about":[{"href":"https:\/\/vocesdebaires.com.ar\/index.php\/wp-json\/wp\/v2\/types\/post"}],"author":[{"embeddable":true,"href":"https:\/\/vocesdebaires.com.ar\/index.php\/wp-json\/wp\/v2\/users\/1"}],"replies":[{"embeddable":true,"href":"https:\/\/vocesdebaires.com.ar\/index.php\/wp-json\/wp\/v2\/comments?post=5249"}],"version-history":[{"count":0,"href":"https:\/\/vocesdebaires.com.ar\/index.php\/wp-json\/wp\/v2\/posts\/5249\/revisions"}],"wp:featuredmedia":[{"embeddable":true,"href":"https:\/\/vocesdebaires.com.ar\/index.php\/wp-json\/wp\/v2\/media\/5250"}],"wp:attachment":[{"href":"https:\/\/vocesdebaires.com.ar\/index.php\/wp-json\/wp\/v2\/media?parent=5249"}],"wp:term":[{"taxonomy":"category","embeddable":true,"href":"https:\/\/vocesdebaires.com.ar\/index.php\/wp-json\/wp\/v2\/categories?post=5249"},{"taxonomy":"post_tag","embeddable":true,"href":"https:\/\/vocesdebaires.com.ar\/index.php\/wp-json\/wp\/v2\/tags?post=5249"}],"curies":[{"name":"wp","href":"https:\/\/api.w.org\/{rel}","templated":true}]}}