{"id":5265,"date":"2019-11-20T03:00:00","date_gmt":"2019-11-20T06:00:00","guid":{"rendered":"http:\/\/vocesdebaires.com.ar\/wordpress\/index.php\/2019\/11\/20\/vidal-visito-centros-de-atencion-de-salud\/"},"modified":"2019-11-20T03:00:00","modified_gmt":"2019-11-20T06:00:00","slug":"vidal-visito-centros-de-atencion-de-salud","status":"publish","type":"post","link":"https:\/\/vocesdebaires.com.ar\/index.php\/2019\/11\/20\/vidal-visito-centros-de-atencion-de-salud\/","title":{"rendered":"Vidal visit\u00f3 Centros de Atenci\u00f3n de Salud"},"content":{"rendered":"<p>La gobernadora de la Provincia de Buenos Aires, Mar\u00eda Eugenia Vidal, recorri\u00f3\u00a0 ayer los Centros de Atenci\u00f3n Primaria de la Salud (CAPS) N\u00ba2 y N\u00ba3 de la localidad de Tres de Febrero.De la recorrida por los centros, que fueron remodelados y equipados dentro del Programa Salud en Tu Barrio que lleva adelante la Provincia junto a 21 municipios bonaerenses, tambi\u00e9n particip\u00f3 el intendente local, Diego Valenzuela.Entre los servicios de atenci\u00f3n que brindan los dos CAPS se destacan: medicina general, pediatr\u00eda, enfermer\u00eda, vacunaci\u00f3n, promoci\u00f3n de la salud, tocoginecolog\u00eda, obstetricia, ecograf\u00eda, odontolog\u00eda, psicolog\u00eda, nutrici\u00f3n, psicopedagog\u00eda, farmacia y fonoaudiolog\u00eda. Adem\u00e1s, cuentan con historia cl\u00ednica electr\u00f3nica dentro de un sistema en red, que est\u00e1 disponible para todos los m\u00e9dicos, centros de salud y hospitales provinciales.El Programa \u201cSalud en Tu Barrio\u201d busca consolidar el primer nivel de atenci\u00f3n y las redes de salud de la Provincia. As\u00ed, en los CAPS atienden m\u00e9dicos de cabecera para los bonaerenses y sus familias. En ese marco, ya se construyeron o remodelaron y equiparon 160 CAPS y otros 74 se encuentran en ejecuci\u00f3n.<\/p>\n","protected":false},"excerpt":{"rendered":"<p>La gobernadora de la Provincia de Buenos Aires, Mar\u00eda Eugenia Vidal, recorri\u00f3\u00a0 ayer los Centros de Atenci\u00f3n Primaria de la Salud (CAPS) N\u00ba2 y N\u00ba3 de la localidad de Tres de Febrero.De la recorrida por los centros, que fueron remodelados y equipados dentro del Programa Salud en Tu Barrio que lleva adelante la Provincia junto [&hellip;]<\/p>\n","protected":false},"author":1,"featured_media":5266,"comment_status":"open","ping_status":"open","sticky":false,"template":"","format":"standard","meta":{"_et_pb_use_builder":"","_et_pb_old_content":"","_et_gb_content_width":"","footnotes":""},"categories":[35,13],"tags":[],"class_list":["post-5265","post","type-post","status-publish","format-standard","has-post-thumbnail","hentry","category-gobierno","category-provincia"],"_links":{"self":[{"href":"https:\/\/vocesdebaires.com.ar\/index.php\/wp-json\/wp\/v2\/posts\/5265"}],"collection":[{"href":"https:\/\/vocesdebaires.com.ar\/index.php\/wp-json\/wp\/v2\/posts"}],"about":[{"href":"https:\/\/vocesdebaires.com.ar\/index.php\/wp-json\/wp\/v2\/types\/post"}],"author":[{"embeddable":true,"href":"https:\/\/vocesdebaires.com.ar\/index.php\/wp-json\/wp\/v2\/users\/1"}],"replies":[{"embeddable":true,"href":"https:\/\/vocesdebaires.com.ar\/index.php\/wp-json\/wp\/v2\/comments?post=5265"}],"version-history":[{"count":0,"href":"https:\/\/vocesdebaires.com.ar\/index.php\/wp-json\/wp\/v2\/posts\/5265\/revisions"}],"wp:featuredmedia":[{"embeddable":true,"href":"https:\/\/vocesdebaires.com.ar\/index.php\/wp-json\/wp\/v2\/media\/5266"}],"wp:attachment":[{"href":"https:\/\/vocesdebaires.com.ar\/index.php\/wp-json\/wp\/v2\/media?parent=5265"}],"wp:term":[{"taxonomy":"category","embeddable":true,"href":"https:\/\/vocesdebaires.com.ar\/index.php\/wp-json\/wp\/v2\/categories?post=5265"},{"taxonomy":"post_tag","embeddable":true,"href":"https:\/\/vocesdebaires.com.ar\/index.php\/wp-json\/wp\/v2\/tags?post=5265"}],"curies":[{"name":"wp","href":"https:\/\/api.w.org\/{rel}","templated":true}]}}