{"id":5267,"date":"2019-11-19T03:00:00","date_gmt":"2019-11-19T06:00:00","guid":{"rendered":"http:\/\/vocesdebaires.com.ar\/wordpress\/index.php\/2019\/11\/19\/llega-semana-orgullo-ba-a-la-ciudad\/"},"modified":"2019-11-19T03:00:00","modified_gmt":"2019-11-19T06:00:00","slug":"llega-semana-orgullo-ba-a-la-ciudad","status":"publish","type":"post","link":"https:\/\/vocesdebaires.com.ar\/index.php\/2019\/11\/19\/llega-semana-orgullo-ba-a-la-ciudad\/","title":{"rendered":"Llega: Semana Orgullo BA a la Ciudad"},"content":{"rendered":"<p>La apertura ser\u00e1 el s\u00e1bado 30 de noviembre a las 18 horas con un gran desfile en la terraza del Centro Cultural Recoleta. La Cooperativa Estilo Diversa -primera cooperativa latinoamericana integrada por mujeres y hombres trans, lesbianas bisexuales y personas heterosexuales- presentar\u00e1 \u201cMetamorfosis Rom\u00e1ntica\u201d, un desfile con dise\u00f1os propios que busca visibilizar y promover la diversidad de estilos y cuerpos. Adem\u00e1s, la grilla de programaci\u00f3n incluye una feria del libro de la diversidad, recitales, jornadas de derechos humanos, obras teatrales, ciclos de cine, un torneo multideportivo, capacitaciones sobre diversidad sexual en distintos espacios, testeos masivos de HIV y promoci\u00f3n de la salud, clases abiertas y talleres.<\/p>\n<p>El cierre ser\u00e1 el s\u00e1bado 7 de diciembre a partir de las 15 horas con un festival al aire libre en Palermo. La calle Gurruchaga entre Nicaragua y Costa Rica se har\u00e1 peatonal para vestirse con los colores del arco iris: gran feria con participaci\u00f3n de asociaciones civiles, \u00e1reas de gobierno, emprendedores y una nutrida programaci\u00f3n de dj\u00b4s, obras de teatro, desfiles, kermesse, arte transformista, body painting y gastronom\u00eda. El objetivo de la Semana Orgullo BA es producir actividades que involucren e inviten a toda la ciudadan\u00eda a pensar, practicar y disfrutar la diversidad en nuestra Ciudad, reflejando el compromiso permanente de Buenos Aires con la promoci\u00f3n de derechos LGBTIQ+.<\/p>\n","protected":false},"excerpt":{"rendered":"<p>La apertura ser\u00e1 el s\u00e1bado 30 de noviembre a las 18 horas con un gran desfile en la terraza del Centro Cultural Recoleta. La Cooperativa Estilo Diversa -primera cooperativa latinoamericana integrada por mujeres y hombres trans, lesbianas bisexuales y personas heterosexuales- presentar\u00e1 \u201cMetamorfosis Rom\u00e1ntica\u201d, un desfile con dise\u00f1os propios que busca visibilizar y promover la [&hellip;]<\/p>\n","protected":false},"author":1,"featured_media":5268,"comment_status":"open","ping_status":"open","sticky":false,"template":"","format":"standard","meta":{"_et_pb_use_builder":"","_et_pb_old_content":"","_et_gb_content_width":"","footnotes":""},"categories":[11,32],"tags":[],"class_list":["post-5267","post","type-post","status-publish","format-standard","has-post-thumbnail","hentry","category-ciudad","category-comunas"],"_links":{"self":[{"href":"https:\/\/vocesdebaires.com.ar\/index.php\/wp-json\/wp\/v2\/posts\/5267"}],"collection":[{"href":"https:\/\/vocesdebaires.com.ar\/index.php\/wp-json\/wp\/v2\/posts"}],"about":[{"href":"https:\/\/vocesdebaires.com.ar\/index.php\/wp-json\/wp\/v2\/types\/post"}],"author":[{"embeddable":true,"href":"https:\/\/vocesdebaires.com.ar\/index.php\/wp-json\/wp\/v2\/users\/1"}],"replies":[{"embeddable":true,"href":"https:\/\/vocesdebaires.com.ar\/index.php\/wp-json\/wp\/v2\/comments?post=5267"}],"version-history":[{"count":0,"href":"https:\/\/vocesdebaires.com.ar\/index.php\/wp-json\/wp\/v2\/posts\/5267\/revisions"}],"wp:featuredmedia":[{"embeddable":true,"href":"https:\/\/vocesdebaires.com.ar\/index.php\/wp-json\/wp\/v2\/media\/5268"}],"wp:attachment":[{"href":"https:\/\/vocesdebaires.com.ar\/index.php\/wp-json\/wp\/v2\/media?parent=5267"}],"wp:term":[{"taxonomy":"category","embeddable":true,"href":"https:\/\/vocesdebaires.com.ar\/index.php\/wp-json\/wp\/v2\/categories?post=5267"},{"taxonomy":"post_tag","embeddable":true,"href":"https:\/\/vocesdebaires.com.ar\/index.php\/wp-json\/wp\/v2\/tags?post=5267"}],"curies":[{"name":"wp","href":"https:\/\/api.w.org\/{rel}","templated":true}]}}