{"id":5281,"date":"2019-11-18T03:59:51","date_gmt":"2019-11-18T06:59:51","guid":{"rendered":"http:\/\/vocesdebaires.com.ar\/wordpress\/index.php\/2019\/11\/18\/regimen-de-inmuebles-y-dominio-publico\/"},"modified":"2019-11-18T03:59:51","modified_gmt":"2019-11-18T06:59:51","slug":"regimen-de-inmuebles-y-dominio-publico","status":"publish","type":"post","link":"https:\/\/vocesdebaires.com.ar\/index.php\/2019\/11\/18\/regimen-de-inmuebles-y-dominio-publico\/","title":{"rendered":"R\u00e9gimen de inmuebles y dominio p\u00fablico"},"content":{"rendered":"<p>El proyecto de ley que tiene por objeto establecer los lineamientos b\u00e1sicos a observar en los procedimientos aplicables a los actos de disposici\u00f3n de bienes inmuebles de dominio de la Ciudad Aut\u00f3noma de Buenos Aires, entendi\u00e9ndose por tales aquellos que impliquen la constituci\u00f3n de un derecho real en los t\u00e9rminos del Libro Cuarto del C\u00f3digo Civil y Comercial de la Naci\u00f3n, este viernes tuvo dictamen favorable de la Comisi\u00f3n de Presupuesto, Hacienda, Administraci\u00f3n Financiera y Pol\u00edtica Tributaria.<\/p>\n<p>La iniciativa del Jefe de Gobierno Horacio Rodr\u00edguez Larreta, enviada a la Legislatura el pasado viernes 8 del corriente mes y explicada a los legisladores\u00a0 el mi\u00e9rcoles 13 por el subsecretario de Administraci\u00f3n de Bienes Inmuebles del Gobierno de la Ciudad, Juan Manuel Franchi tendr\u00e1 tratamiento preferencial solicitado por el oficialismo en el temario de la Sesi\u00f3n Ordinaria a realizarse el pr\u00f3ximo jueves 21.<\/p>\n<p>Cabe destacar que el proyecto sufri\u00f3 modificaciones en los art\u00edculos 4, 6, 7, 9, 16, 19, 20, 26 y 30, en su mayor\u00eda a pedido de la oposici\u00f3n. El procedimiento en la actualidad est\u00e1 contemplado en el T\u00edtulo IV de la Ley N\u00b0 2.095, texto consolidado por Ley N\u00b0 6.017. No obstante, seg\u00fan indican los fundamentos, en la implementaci\u00f3n se observa que &quot;en estos \u00faltimos a\u00f1os, la experiencia ha dejado en evidencia que dicho procedimiento resulta insuficiente y no logra adaptarse a la din\u00e1mica actual que involucra la gesti\u00f3n eficaz de los bienes inmuebles de la Ciudad.<\/p>\n<p>Esto es as\u00ed toda vez que el Poder Ejecutivo no s\u00f3lo realiza operaciones que involucran la transferencia de dominio de bienes inmuebles de su titularidad, sino tambi\u00e9n la constituci\u00f3n de derechos reales sobre los mismos&quot;.La discusi\u00f3n y firma del dictamen se realiz\u00f3 el pasado viernes \u00a0en el marco de una reuni\u00f3n efectuada en la Oficina 15 del Piso Principal de la sede parlamentaria con la presidencia de la legisladora Paula Villalba (VJ) y la participaci\u00f3n de los legisladores Claudio Romero, Cristina Garc\u00eda, Eduardo Santamarina, Guillermo Su\u00e1rez, Christian Bauab, Victoria Rold\u00e1n M\u00e9ndez, Daniel Presti, Agust\u00edn Forchieri, Diego Garc\u00eda Vilas, Gast\u00f3n Blanchetiere (VJ) y Marcelo Guouman (Ev).<\/p>\n","protected":false},"excerpt":{"rendered":"<p>El proyecto de ley que tiene por objeto establecer los lineamientos b\u00e1sicos a observar en los procedimientos aplicables a los actos de disposici\u00f3n de bienes inmuebles de dominio de la Ciudad Aut\u00f3noma de Buenos Aires, entendi\u00e9ndose por tales aquellos que impliquen la constituci\u00f3n de un derecho real en los t\u00e9rminos del Libro Cuarto del C\u00f3digo [&hellip;]<\/p>\n","protected":false},"author":1,"featured_media":5282,"comment_status":"open","ping_status":"open","sticky":false,"template":"","format":"standard","meta":{"_et_pb_use_builder":"","_et_pb_old_content":"","_et_gb_content_width":"","footnotes":""},"categories":[11,32],"tags":[],"class_list":["post-5281","post","type-post","status-publish","format-standard","has-post-thumbnail","hentry","category-ciudad","category-comunas"],"_links":{"self":[{"href":"https:\/\/vocesdebaires.com.ar\/index.php\/wp-json\/wp\/v2\/posts\/5281"}],"collection":[{"href":"https:\/\/vocesdebaires.com.ar\/index.php\/wp-json\/wp\/v2\/posts"}],"about":[{"href":"https:\/\/vocesdebaires.com.ar\/index.php\/wp-json\/wp\/v2\/types\/post"}],"author":[{"embeddable":true,"href":"https:\/\/vocesdebaires.com.ar\/index.php\/wp-json\/wp\/v2\/users\/1"}],"replies":[{"embeddable":true,"href":"https:\/\/vocesdebaires.com.ar\/index.php\/wp-json\/wp\/v2\/comments?post=5281"}],"version-history":[{"count":0,"href":"https:\/\/vocesdebaires.com.ar\/index.php\/wp-json\/wp\/v2\/posts\/5281\/revisions"}],"wp:featuredmedia":[{"embeddable":true,"href":"https:\/\/vocesdebaires.com.ar\/index.php\/wp-json\/wp\/v2\/media\/5282"}],"wp:attachment":[{"href":"https:\/\/vocesdebaires.com.ar\/index.php\/wp-json\/wp\/v2\/media?parent=5281"}],"wp:term":[{"taxonomy":"category","embeddable":true,"href":"https:\/\/vocesdebaires.com.ar\/index.php\/wp-json\/wp\/v2\/categories?post=5281"},{"taxonomy":"post_tag","embeddable":true,"href":"https:\/\/vocesdebaires.com.ar\/index.php\/wp-json\/wp\/v2\/tags?post=5281"}],"curies":[{"name":"wp","href":"https:\/\/api.w.org\/{rel}","templated":true}]}}