{"id":5283,"date":"2019-11-18T03:54:09","date_gmt":"2019-11-18T06:54:09","guid":{"rendered":"http:\/\/vocesdebaires.com.ar\/wordpress\/index.php\/2019\/11\/18\/dictamenes-favorables-a-dos-proyectos-del-ejecutivo\/"},"modified":"2019-11-18T03:54:09","modified_gmt":"2019-11-18T06:54:09","slug":"dictamenes-favorables-a-dos-proyectos-del-ejecutivo","status":"publish","type":"post","link":"https:\/\/vocesdebaires.com.ar\/index.php\/2019\/11\/18\/dictamenes-favorables-a-dos-proyectos-del-ejecutivo\/","title":{"rendered":"Dict\u00e1menes favorables a dos proyectos del Ejecutivo"},"content":{"rendered":"<p>El proyecto de ley que postula cambios en la zonificaci\u00f3n para el predio denominado &quot;Tri\u00e1ngulo Salguero&quot; que se encuentra en la avenida hom\u00f3nima entre la Autopista Dr. Arturo Illia y la bajada de \u00e9sta en la Comuna 14, recibi\u00f3 el pasado\u00a0 viernes las firmas favorables de los legisladores que integran la Comisi\u00f3n permanente de asesoramiento en asuntos de Planeamiento Urbano. De esta manera, la iniciativa sobre terrenos de propiedad p\u00fablica a\u00fan no urbanizados que se encuentran ocupados por instalaciones y usos pasibles de remoci\u00f3n futura qued\u00f3 habilitada para su tratamiento por el Pleno de la c\u00e1mara.<\/p>\n<p>Por otra parte, en reuni\u00f3n conjunta de las Comisiones de Planeamiento Urbano y Presupuesto, Hacienda, Administraci\u00f3n financiera y Pol\u00edtica tributaria se dictamin\u00f3 a favor tambi\u00e9n del cambio de zonificaci\u00f3n para el sector &quot;Estaci\u00f3n Villa Crespo&quot; ubicada en la l\u00ednea del Ferrocarril San Mart\u00edn a la altura de la intersecci\u00f3n con la avenida Corrientes, entre Dorrego y Humboldt -Comuna 15.<\/p>\n<p>Los dos predios se encuentran entre los inmuebles que integran el Convenio celebrado por el Ministerio de Transporte de la Naci\u00f3n, la Agencia de Bienes del Estado y el Gobierno de la Ciudad Aut\u00f3noma de Buenos Aires -GCABA-\u00a0 registrado bajo el N\u00b0 32315238 y aprobado por la Legislatura a trav\u00e9s de la Ley N\u00b0 6.131.Ambos temas, el de Salguero y la estaci\u00f3n ferroviaria con su entorno, originados por el Jefe de Gobierno Horacio Rodr\u00edguez Larreta, tomaron estado parlamentario el pasado viernes 8 y el mi\u00e9rcoles 13 fueron explicados a las Comisiones asesoras por el subsecretario de Planeamiento del GCABA, Carlos Colombo.<\/p>\n<p>Adem\u00e1s, los dos asuntos fueron mocionados por el bloque Vamos Juntos para que tengan tratamiento preferencial durante la Sesi\u00f3n Ordinaria del jueves 21 del corriente mes. Las reuniones tuvieron lugar en el sal\u00f3n &quot;Presidente Per\u00f3n&quot; situado en la planta baja de la sede parlamentaria. La primera fue presidida por la\u00a0 legisladora Victoria Rold\u00e1n M\u00e9ndez (VJ) y participaron los legisladores\/as Gonzalo Straface, Sol M\u00e9ndez, Agust\u00edn Forchieri, Cristina Garc\u00eda, Daniel Presti, Maximiliano Ferraro y Maximiliano Sahonero (VJ). En tanto, a la segunda, se sum\u00f3 la Comisi\u00f3n de Presupuesto que preside la\u00a0 legisladora Paula Villalba (VJ) y los legisladores que la componen, Ariel \u00c1lvarez Palma, Claudio Romero, Christian Bauab, Guillermo Su\u00e1rez (VJ) y Marcelo Guouman (Ev).<\/p>\n","protected":false},"excerpt":{"rendered":"<p>El proyecto de ley que postula cambios en la zonificaci\u00f3n para el predio denominado &quot;Tri\u00e1ngulo Salguero&quot; que se encuentra en la avenida hom\u00f3nima entre la Autopista Dr. Arturo Illia y la bajada de \u00e9sta en la Comuna 14, recibi\u00f3 el pasado\u00a0 viernes las firmas favorables de los legisladores que integran la Comisi\u00f3n permanente de asesoramiento [&hellip;]<\/p>\n","protected":false},"author":1,"featured_media":5284,"comment_status":"open","ping_status":"open","sticky":false,"template":"","format":"standard","meta":{"_et_pb_use_builder":"","_et_pb_old_content":"","_et_gb_content_width":"","footnotes":""},"categories":[11,32],"tags":[],"class_list":["post-5283","post","type-post","status-publish","format-standard","has-post-thumbnail","hentry","category-ciudad","category-comunas"],"_links":{"self":[{"href":"https:\/\/vocesdebaires.com.ar\/index.php\/wp-json\/wp\/v2\/posts\/5283"}],"collection":[{"href":"https:\/\/vocesdebaires.com.ar\/index.php\/wp-json\/wp\/v2\/posts"}],"about":[{"href":"https:\/\/vocesdebaires.com.ar\/index.php\/wp-json\/wp\/v2\/types\/post"}],"author":[{"embeddable":true,"href":"https:\/\/vocesdebaires.com.ar\/index.php\/wp-json\/wp\/v2\/users\/1"}],"replies":[{"embeddable":true,"href":"https:\/\/vocesdebaires.com.ar\/index.php\/wp-json\/wp\/v2\/comments?post=5283"}],"version-history":[{"count":0,"href":"https:\/\/vocesdebaires.com.ar\/index.php\/wp-json\/wp\/v2\/posts\/5283\/revisions"}],"wp:featuredmedia":[{"embeddable":true,"href":"https:\/\/vocesdebaires.com.ar\/index.php\/wp-json\/wp\/v2\/media\/5284"}],"wp:attachment":[{"href":"https:\/\/vocesdebaires.com.ar\/index.php\/wp-json\/wp\/v2\/media?parent=5283"}],"wp:term":[{"taxonomy":"category","embeddable":true,"href":"https:\/\/vocesdebaires.com.ar\/index.php\/wp-json\/wp\/v2\/categories?post=5283"},{"taxonomy":"post_tag","embeddable":true,"href":"https:\/\/vocesdebaires.com.ar\/index.php\/wp-json\/wp\/v2\/tags?post=5283"}],"curies":[{"name":"wp","href":"https:\/\/api.w.org\/{rel}","templated":true}]}}