{"id":5295,"date":"2019-11-15T03:00:00","date_gmt":"2019-11-15T06:00:00","guid":{"rendered":"http:\/\/vocesdebaires.com.ar\/wordpress\/index.php\/2019\/11\/15\/aceptan-la-donacion-de-una-gran-escultura\/"},"modified":"2019-11-15T03:00:00","modified_gmt":"2019-11-15T06:00:00","slug":"aceptan-la-donacion-de-una-gran-escultura","status":"publish","type":"post","link":"https:\/\/vocesdebaires.com.ar\/index.php\/2019\/11\/15\/aceptan-la-donacion-de-una-gran-escultura\/","title":{"rendered":"Aceptan la donaci\u00f3n de una gran escultura"},"content":{"rendered":"<p>En segunda lectura y luego de haber sido considerado en Audiencia P\u00fablica, los legisladores porte\u00f1os aceptaron por ley la donaci\u00f3n de la escultura denominada Madre Tierra, que ser\u00e1 instalada en la Plaza Francia, entre las avenidas del Libertador y Pueyrred\u00f3n. La obra del artista Barton Rubinstein es &quot;s\u00edmbolo de la sostenibilidad del proyecto de la madre tierra&quot;, tiene cinco metros de altura metros de altura, hecha en acero inoxidable, y fue donada a la Ciudad de Buenos Aires por la organizaci\u00f3n sin fines de lucro \u201cMother Earth Project\u201d.<\/p>\n<p>El prop\u00f3sito es que la gran escultura sea &quot;como un recordatorio f\u00edsico de la importancia de salvar el medio ambiente y vivir una vida sostenible. Se trata de un mensaje dirigido a todo el mundo como una manera de expresar el enfoque mundial en la lucha contra el cambio clim\u00e1tico&quot;, fundamentaron los\u00a0legisladores \u00a0del Bloque Peronista, autores de la iniciativa parlamentaria.<\/p>\n<p>Solicitud al Ejecutivo<br \/>&quot;La Legislatura de La Ciudad Aut\u00f3noma de Buenos Aires ver\u00eda con agrado que el Poder Ejecutivo implemente una campa\u00f1a anual de difusi\u00f3n, concientizaci\u00f3n y vacunaci\u00f3n contra el Virus del Papiloma Humano -VPH- la cual dar\u00e1 comienzo el 4 de marzo de cada a\u00f1o, adhiri\u00e9ndose as\u00ed a la campa\u00f1a internacional sobre la concientizaci\u00f3n del virus y sus enfermedades asociadas, por iniciativa de la Sociedad Internacional del Papilomavirus -IPVS- y la Sociedad Argentina de Patolog\u00eda del Tracto Genital Inferior y Colposcopia&quot;, expresa el texto aprobado sobre tablas.<\/p>\n<p>El VPH es la infecci\u00f3n de transmisi\u00f3n sexual -ITS- m\u00e1s com\u00fan. Casi todos los hombres y mujeres sexualmente activos lo contraen en alg\u00fan momento de su vida al tener relaciones sexuales orales, vaginales o anales con una persona que tenga el virus. Puede transmitirse incluso cuando la persona infectada no presenta signos ni s\u00edntomas. Puede causar c\u00e1ncer de cuello uterino, de vulva, vagina, pene o ano. Tambi\u00e9n puede afectar a la parte de atr\u00e1s de la garganta, como en la base de la lengua y las am\u00edgdalas (llamado c\u00e1ncer orofar\u00edngeo). La Secretar\u00eda de Salud de la Naci\u00f3n ha incorporado desde el a\u00f1o 2011 la vacuna dentro del calendario nacional de inmunizaciones seg\u00fan las recomendaciones de la CONAIN (Comisi\u00f3n Nacional de Inmunizaciones) de Argentina.<\/p>\n<p>Es una vacuna segura y eficaz que se administra con un esquema de dos dosis y brinda protecci\u00f3n contra la mayor\u00eda de los tipos circulantes de VPH que producen c\u00e1ncer c\u00e9rvico uterino. Desde entonces se vacunan a las ni\u00f1as de 11 a\u00f1os de edad, extendi\u00e9ndose a los varones de 11 a\u00f1os a partir del a\u00f1o 2017. Sin embargo, los resultados de la vacunaci\u00f3n reci\u00e9n podr\u00e1n verse a mediano plazo (varios a\u00f1os), pudi\u00e9ndose evaluar la disminuci\u00f3n de la incidencia de lesiones precancerosas y a largo plazo (varias d\u00e9cadas) con la disminuci\u00f3n de la incidencia y mortalidad por c\u00e1ncer c\u00e9rvico uterino. La legisladora Patricia Vischi present\u00f3 el proyecto junto al legislador Juan Nosiglia (Ev).<\/p>\n","protected":false},"excerpt":{"rendered":"<p>En segunda lectura y luego de haber sido considerado en Audiencia P\u00fablica, los legisladores porte\u00f1os aceptaron por ley la donaci\u00f3n de la escultura denominada Madre Tierra, que ser\u00e1 instalada en la Plaza Francia, entre las avenidas del Libertador y Pueyrred\u00f3n. La obra del artista Barton Rubinstein es &quot;s\u00edmbolo de la sostenibilidad del proyecto de la [&hellip;]<\/p>\n","protected":false},"author":1,"featured_media":5296,"comment_status":"open","ping_status":"open","sticky":false,"template":"","format":"standard","meta":{"_et_pb_use_builder":"","_et_pb_old_content":"","_et_gb_content_width":"","footnotes":""},"categories":[11,32],"tags":[],"class_list":["post-5295","post","type-post","status-publish","format-standard","has-post-thumbnail","hentry","category-ciudad","category-comunas"],"_links":{"self":[{"href":"https:\/\/vocesdebaires.com.ar\/index.php\/wp-json\/wp\/v2\/posts\/5295"}],"collection":[{"href":"https:\/\/vocesdebaires.com.ar\/index.php\/wp-json\/wp\/v2\/posts"}],"about":[{"href":"https:\/\/vocesdebaires.com.ar\/index.php\/wp-json\/wp\/v2\/types\/post"}],"author":[{"embeddable":true,"href":"https:\/\/vocesdebaires.com.ar\/index.php\/wp-json\/wp\/v2\/users\/1"}],"replies":[{"embeddable":true,"href":"https:\/\/vocesdebaires.com.ar\/index.php\/wp-json\/wp\/v2\/comments?post=5295"}],"version-history":[{"count":0,"href":"https:\/\/vocesdebaires.com.ar\/index.php\/wp-json\/wp\/v2\/posts\/5295\/revisions"}],"wp:featuredmedia":[{"embeddable":true,"href":"https:\/\/vocesdebaires.com.ar\/index.php\/wp-json\/wp\/v2\/media\/5296"}],"wp:attachment":[{"href":"https:\/\/vocesdebaires.com.ar\/index.php\/wp-json\/wp\/v2\/media?parent=5295"}],"wp:term":[{"taxonomy":"category","embeddable":true,"href":"https:\/\/vocesdebaires.com.ar\/index.php\/wp-json\/wp\/v2\/categories?post=5295"},{"taxonomy":"post_tag","embeddable":true,"href":"https:\/\/vocesdebaires.com.ar\/index.php\/wp-json\/wp\/v2\/tags?post=5295"}],"curies":[{"name":"wp","href":"https:\/\/api.w.org\/{rel}","templated":true}]}}