{"id":5328,"date":"2019-11-13T03:06:54","date_gmt":"2019-11-13T06:06:54","guid":{"rendered":"http:\/\/vocesdebaires.com.ar\/wordpress\/index.php\/2019\/11\/13\/parque-centenarioamparo-de-artesanos-de-feria\/"},"modified":"2019-11-13T03:06:54","modified_gmt":"2019-11-13T06:06:54","slug":"parque-centenarioamparo-de-artesanos-de-feria","status":"publish","type":"post","link":"https:\/\/vocesdebaires.com.ar\/index.php\/2019\/11\/13\/parque-centenarioamparo-de-artesanos-de-feria\/","title":{"rendered":"Parque Centenario:Amparo de artesanos de Feria"},"content":{"rendered":"<p>El titular del Juzgado N\u00ba23 en lo Contencioso Administrativo y Tributario de la Ciudad de Buenos Aires, Francisco Ferrer, y la titular de la Secretar\u00eda N\u00b045, Julieta Benitez, informan de acuerdo a lo ordenado en los autos caratulados Villar Antizana, Vanesa Luciana y otros contra GCBA y otros sobre Amparo\u00a0 \u00a0Artesanos, Artistas y otros vendedores ambulantes (expediente 1991\/2019-0) que corresponde poner en conocimiento que el d\u00eda 23 de abril del corriente a\u00f1o:<\/p>\n<p>Villar Antizana, Vanessa Luciana; L\u00f3pez Tarazona, Atilio; Cruz Ponce, Julio Robinsson; S\u00e1nchez, Cabello Esther Maribel; Cabrera Jorge Eduardo; Nebuloni Carlos Hugo; Siacari Fern\u00e1ndez Vitaliano; Rojas M\u00f3nica Mercedes; Goitia Guzm\u00e1n Dina Patricia; Drago Amalia Mar\u00eda; Carnevali N\u00e9lida Noem\u00ed; Fern\u00e1ndez, Marcelo Dami\u00e1n; Ledesma, Norma Edit; Chazarreta, Mabel Estela; Noya, Vilma Daniela; Villarroel Silva, Flavio Gast\u00f3n; Sep\u00falveda, Gladys Josefina; Sosa, Dolores Margarita; Carrera, Mar\u00eda Nelly; Salcedo, Myriam Elizabeth; Acosta, Macarena Ver\u00f3nica; Cabrera,Leonardo Oscar; Alvarado, Delmira Arc\u00e1ngela; Rosa Ram\u00edrez, Dennis; Balcazar Gorena, Adela Esperanza; Amado, Ricardo Gustavo; Romero Beatriz Susana; Bustillos Navarro Soraya; Paredes Abanto Isabel Patricia; Espinoza Gabriel Wenceslao; Centuri\u00f3n Sandra Patricia; Prosperi Gianetto, Irma \u00c1ngela; Salcedo Mar\u00eda Haydee; Escudero Mar\u00eda Esther; Vilela Chucas Mar\u00eda Luisa; Vilte Francisco Solano; Di Lucca Claudia Graciela; Ybarra L\u00f3pez Flor Am\u00e9rica; Selios L\u00f3pez, Elina Patricia; L\u00f3pez Ahaunari Miriam Roci\u00f3; Suarez Mar\u00eda; Goitia Guzm\u00e1n Martha Eulalia; Santana Jos\u00e9 Dolores; Acevedo Valentina; Ruiz G\u00f3mez Carmen Teresa; Hosko Mar\u00eda Isabel; Perales, Antonella Marlene; Amarillo Graciela Elvira; N\u00fa\u00f1ez Ballenas Roxana Myriam; Coronel Mar\u00eda Br\u00edgida; Haro S\u00e1nchez Roger Antonio; Romero Justa Candelaria;\u00a0 C\u00e1ceres Marisa Del Valle; Luna, Ram\u00f3n Orlando; Bodroer Elva Susana; Cola Mar\u00eda Magali; Leguizam\u00f3n Silvino; Ballestero Susana; Gallardo Vera Ang\u00e9lica Mar\u00eda; Valle Clavijo Leonardina Betzabe; Guichon, Sebasti\u00e1n Ram\u00f3n; Sandoval,\u00a0 Jonathan Gast\u00f3n; Sosa Norma Del Valle; Soria Natal\u00ed Stefania; Basilotta Landini Camila Bel\u00e9n; Landini Ema Estela; Basilotta Landini Candela Jazm\u00edn; Vildoza, Brenda Guadalupe; Roldan Silvia Gabriela; Autalan Elva Yolanda; Villca Ventura Mois\u00e9s; Almeida Ra\u00fal Ernesto; Paliza Quispetira Esteban; Aponte Huanca Evelyn Marilud; Fern\u00e1ndez Liliana Noem\u00ed; Fuentes, Carlos Ra\u00fal; Varela Jos\u00e9 Miguel; Varela Dami\u00e1n Alejandro; Campos Eufemia Francisca; P\u00e9rez Rosas Cesar Miguel; \u00c1lvarez Hern\u00e1n Andr\u00e9s; Espinoza Yauri Giancarlo; Ccorahua Barreto, Carmen Petronila; Bord\u00f3n Lina Susana; Roldan Calvo Luis; Amoruso Jorge Humberto; Brizuela Rosa Carmen; Franc\u00e9s Genoveva Candida; Carmona Mimbela Miguel Santiago; Valverde Mar\u00edn, Vilma; Soria Luis Alberto; Dom\u00ednguez Ver\u00f3nica Noem\u00ed; Llanes Daniel Carlos Alberto;<\/p>\n<p>Duccas Amanda Beatriz; Albarracin Violeta Cecilia; Boiko Delia Del Carmen; Arce Julio Omar; Cano, Cristian Maximiliano; Albamonte Aldana; Escalada Alejandra Elizabeth; Ramundo Andrea Fabiana; Orona Carolina; Cornejo Mar\u00eda Elena; Martell Alejandro Andr\u00e9s; Samman Antonia; Mart\u00ednez, Emilia Del Valle; Cano Ram\u00f3n Alejandro; Borda, Ana Mar\u00eda; Aban, Silvia Noem\u00ed; Gonz\u00e1lez Pastora; Luna Mar\u00eda Beatriz; Milla Minaya Jacinta Yrma; Espinoza Luis Am\u00e9rico; Mercado, Miguel \u00c1ngel; Arias Eva Fermina; Smilari Emanuel Jon\u00e1s; Biasin, Julieta Elisabeth; Flores Daria Augusta; Flores Rosenthal Celina Noelia; Furlani Andrea Alejandra; P\u00e9rez Marta Alicia; Huanca Quispe, Margarita; Leguizam\u00f3n Carmela; Riquelme Fuentes, Sara Mercedes; Barros Alcira; Cianchetta Javier Francisco; Nieva, Jorge Gustavo; Mercado Vera Susy Marivel; Ayala Gonz\u00e1lez, L\u00edder Teresa; Morales Julia Silvina; Rodr\u00edguez, Silvia Cristina; Aria, Carmen Del Valle; Chalco Ninaya Roberta Luz; Barros, Julia Estela; \u00c1lvarez Mar\u00eda Clara; Zegarra Baldeon, Brigghite Caroline Janette; Flores Machicado Juan Carlos; Rossi, Carla Nelly; Jalos, Mario Rub\u00e9n; Purisaca Ancajima Doris Maril\u00fa; Salinas Izarra, Nekey Luz; Gentile Mar\u00eda Alicia; Mansilla Olga; Floreano Pascual, Loida Aurora; Cruz Vega Miguel Alejandro; Toth, Atila Antonio; Maidana, Carlos Andr\u00e9s; Avalos, Javier Adolfo; Escalante, Noem\u00ed Roxana; Maneiro Benjam\u00edn Fidel; Manguini, Silvia Claudia; Mart\u00ednez Esther Beatriz; Clot Micaela Romina; Navarro, H\u00e9ctor Santiago; Trinidad, Ana Mar\u00eda; P\u00e9rez Rodr\u00edguez, Yanella Paola; Grados De Vite, Flora Rosario; Del Castillo Moreno, Doris; Tarqui L\u00f3pez Jorge Luis; Ravettini Silvia Lidia; Gelvez,<\/p>\n<p>H\u00e9ctor Humberto; Enr\u00edquez Gonz\u00e1lez, Mar\u00eda; Quiroga, Marcos Antonio; Barrientos, Alfredo Horacio; Olea, Maria Vanesa; Arnedo Trinidad Yolanda; Gonzalez Miguel \u00c1ngel; Rosales Contreras, Omar; Toledo, Maria Antonia; Jim\u00e9nez Saavedra, Adelina; Moreyra, Bautista Yuli Jossany; Paredes Garc\u00eda, Juan Carlos; Lima Fabi\u00e1n Elsa Stefany; Quiroz Johanna Melina; Huanca Catacora, Sara Eulogia; Garc\u00eda, Amelia Adelina; Calvo Ibarra, Martha; Fern\u00e1ndez Romero, Leticia Gabriela; Mendoza Castillo, Deyanira Del Carmen; Villacorta Gracia Cesar Luis; Guzm\u00e1n Alfredo Rosa; Coronel, Norma Estela; Falc\u00f3n Aldana Michael Nay; Acosta, Jorge Sebasti\u00e1n; Migoya, Nancy Natalia; Gauna Hermoza, Dar\u00edo Ladislao; Alaniz Gustavo David; Abad Medina Delmis Araseli; Albino Loza, Nancy Marleni; Romero Ramos Norma Nancy; Conte, Sandra Lorena; Tevez Mansilla, Moira Elizabeth; Romero Rioja, Fernando Mario; Perca Apaza Daniel; Molas Uzal Silvia Loreley; Quipildor, Agustina Argentina; Montes De Oca Navarro, Raquel; Martina Guillen Sulca; Correa, Nancy Del Valle; De La Cruz Guerra, Nataly Liliana; Zegarra Lobo, Florencia Mariel; Montenegro, Miguel \u00c1ngel; Quispe Rodr\u00edguez Jos\u00e9 Manuel; Salda\u00f1o, Mar\u00eda De Los \u00c1ngeles; Iba\u00f1ez Ercilla Nuri; Nasif Rosa Etelvina; Wilvers, Elba; Mongelos Gabriela Lorena; Bowles Oyolo, Becky; Vizcardo Espinoza, Rosa; Alfonso Oscar Alberto; Alfonso, Daiana; L\u00f3pez, Iris Violeta; Rojas Quispe, Irene Rosario; Oriundo Lagos, Mar\u00eda Aidee; G\u00f3mez Suarez, Delia; Villalba G\u00f3mez, Facundo; Reinoso, Carlos Antonio; Gonzalez Fern\u00e1ndez, Milciades Adri\u00e1n; Milla Minaya, Luisa Noem\u00ed; Pe\u00f1a Ni\u00f1o, Augusto Salomon; Sampietro, Walter Javier; Castillo Meza, Petro Yaneida; Rossi, Omar Norberto; Babrique, Oscar Andr\u00e9s y Segovia, Gloria In\u00e9s<\/p>\n<p>Promovieron acci\u00f3n de amparo contra el Gobierno de la Ciudad de Buenos Aires con el objeto de que la demandada de reconocimiento oficial del permiso para feriantes que mantuviera, hasta el 26-01-2019, otorgado por disposici\u00f3n de la DIRECCI\u00d3N GENERAL DE FERIAS Y MERCADOS de fecha 22-03-2013.<\/p>\n<p>.Asimismo, se presentaron las se\u00f1oras Ledesma, Patricia Fabiana; Salcedo, Karina Ofelia y Fern\u00e1ndez, Marta Marcela adhirieron a la demanda y solicitaron ser tenidas por parte.<\/p>\n","protected":false},"excerpt":{"rendered":"<p>El titular del Juzgado N\u00ba23 en lo Contencioso Administrativo y Tributario de la Ciudad de Buenos Aires, Francisco Ferrer, y la titular de la Secretar\u00eda N\u00b045, Julieta Benitez, informan de acuerdo a lo ordenado en los autos caratulados Villar Antizana, Vanesa Luciana y otros contra GCBA y otros sobre Amparo\u00a0 \u00a0Artesanos, Artistas y otros vendedores [&hellip;]<\/p>\n","protected":false},"author":1,"featured_media":5329,"comment_status":"open","ping_status":"open","sticky":false,"template":"","format":"standard","meta":{"_et_pb_use_builder":"","_et_pb_old_content":"","_et_gb_content_width":"","footnotes":""},"categories":[11,32],"tags":[],"class_list":["post-5328","post","type-post","status-publish","format-standard","has-post-thumbnail","hentry","category-ciudad","category-comunas"],"_links":{"self":[{"href":"https:\/\/vocesdebaires.com.ar\/index.php\/wp-json\/wp\/v2\/posts\/5328"}],"collection":[{"href":"https:\/\/vocesdebaires.com.ar\/index.php\/wp-json\/wp\/v2\/posts"}],"about":[{"href":"https:\/\/vocesdebaires.com.ar\/index.php\/wp-json\/wp\/v2\/types\/post"}],"author":[{"embeddable":true,"href":"https:\/\/vocesdebaires.com.ar\/index.php\/wp-json\/wp\/v2\/users\/1"}],"replies":[{"embeddable":true,"href":"https:\/\/vocesdebaires.com.ar\/index.php\/wp-json\/wp\/v2\/comments?post=5328"}],"version-history":[{"count":0,"href":"https:\/\/vocesdebaires.com.ar\/index.php\/wp-json\/wp\/v2\/posts\/5328\/revisions"}],"wp:featuredmedia":[{"embeddable":true,"href":"https:\/\/vocesdebaires.com.ar\/index.php\/wp-json\/wp\/v2\/media\/5329"}],"wp:attachment":[{"href":"https:\/\/vocesdebaires.com.ar\/index.php\/wp-json\/wp\/v2\/media?parent=5328"}],"wp:term":[{"taxonomy":"category","embeddable":true,"href":"https:\/\/vocesdebaires.com.ar\/index.php\/wp-json\/wp\/v2\/categories?post=5328"},{"taxonomy":"post_tag","embeddable":true,"href":"https:\/\/vocesdebaires.com.ar\/index.php\/wp-json\/wp\/v2\/tags?post=5328"}],"curies":[{"name":"wp","href":"https:\/\/api.w.org\/{rel}","templated":true}]}}