{"id":5330,"date":"2019-11-13T03:00:00","date_gmt":"2019-11-13T06:00:00","guid":{"rendered":"http:\/\/vocesdebaires.com.ar\/wordpress\/index.php\/2019\/11\/13\/registro-civil-de-ciudadela-cerro-sus-puertas\/"},"modified":"2019-11-13T03:00:00","modified_gmt":"2019-11-13T06:00:00","slug":"registro-civil-de-ciudadela-cerro-sus-puertas","status":"publish","type":"post","link":"https:\/\/vocesdebaires.com.ar\/index.php\/2019\/11\/13\/registro-civil-de-ciudadela-cerro-sus-puertas\/","title":{"rendered":"Registro Civil de Ciudadela, cerro sus puertas"},"content":{"rendered":"<p>Por lo que se pudo averiguar el Municipio de Tres de Febrero alquilaba el edificio, estaba ubicado en la calle Maldonado 77, ah\u00ed funcion\u00f3 \u00a0el Registro Civil. Sin embargo, pero cerr\u00f3 sus puertas. Como consecuencia, todos los tr\u00e1mites iniciados se continuar\u00e1n en la sede de Caseros, ubicada en Fischetti 4660.Algunas versiones se\u00f1alan que, durante tres a\u00f1os, el edificio recibi\u00f3 intimaciones por falta de pago y, esta semana, finalmente lleg\u00f3 la orden de desalojo.  los tr\u00e1mites de la delegaci\u00f3n se derivan a la sede de Caseros y a la sede de Haedo, ubicada en la calle 19 de noviembre 2082.Por otro lado, los DNI y pasaportes iniciados en el Registro Civil de Ciudadela podr\u00e1n ser retirados en la delegaci\u00f3n de Caseros a partir del 25 de septiembre. All\u00ed, tambi\u00e9n se podr\u00e1n retirar los tr\u00e1mites de matrimonio y bienes convencionales.<\/p>\n","protected":false},"excerpt":{"rendered":"<p>Por lo que se pudo averiguar el Municipio de Tres de Febrero alquilaba el edificio, estaba ubicado en la calle Maldonado 77, ah\u00ed funcion\u00f3 \u00a0el Registro Civil. Sin embargo, pero cerr\u00f3 sus puertas. Como consecuencia, todos los tr\u00e1mites iniciados se continuar\u00e1n en la sede de Caseros, ubicada en Fischetti 4660.Algunas versiones se\u00f1alan que, durante tres [&hellip;]<\/p>\n","protected":false},"author":1,"featured_media":5331,"comment_status":"open","ping_status":"open","sticky":false,"template":"","format":"standard","meta":{"_et_pb_use_builder":"","_et_pb_old_content":"","_et_gb_content_width":"","footnotes":""},"categories":[11,32],"tags":[],"class_list":["post-5330","post","type-post","status-publish","format-standard","has-post-thumbnail","hentry","category-ciudad","category-comunas"],"_links":{"self":[{"href":"https:\/\/vocesdebaires.com.ar\/index.php\/wp-json\/wp\/v2\/posts\/5330"}],"collection":[{"href":"https:\/\/vocesdebaires.com.ar\/index.php\/wp-json\/wp\/v2\/posts"}],"about":[{"href":"https:\/\/vocesdebaires.com.ar\/index.php\/wp-json\/wp\/v2\/types\/post"}],"author":[{"embeddable":true,"href":"https:\/\/vocesdebaires.com.ar\/index.php\/wp-json\/wp\/v2\/users\/1"}],"replies":[{"embeddable":true,"href":"https:\/\/vocesdebaires.com.ar\/index.php\/wp-json\/wp\/v2\/comments?post=5330"}],"version-history":[{"count":0,"href":"https:\/\/vocesdebaires.com.ar\/index.php\/wp-json\/wp\/v2\/posts\/5330\/revisions"}],"wp:featuredmedia":[{"embeddable":true,"href":"https:\/\/vocesdebaires.com.ar\/index.php\/wp-json\/wp\/v2\/media\/5331"}],"wp:attachment":[{"href":"https:\/\/vocesdebaires.com.ar\/index.php\/wp-json\/wp\/v2\/media?parent=5330"}],"wp:term":[{"taxonomy":"category","embeddable":true,"href":"https:\/\/vocesdebaires.com.ar\/index.php\/wp-json\/wp\/v2\/categories?post=5330"},{"taxonomy":"post_tag","embeddable":true,"href":"https:\/\/vocesdebaires.com.ar\/index.php\/wp-json\/wp\/v2\/tags?post=5330"}],"curies":[{"name":"wp","href":"https:\/\/api.w.org\/{rel}","templated":true}]}}