{"id":5332,"date":"2019-11-13T03:00:00","date_gmt":"2019-11-13T06:00:00","guid":{"rendered":"http:\/\/vocesdebaires.com.ar\/wordpress\/index.php\/2019\/11\/13\/geriatrico-clausura-desalojo-y-ordenan-tapiar\/"},"modified":"2019-11-13T03:00:00","modified_gmt":"2019-11-13T06:00:00","slug":"geriatrico-clausura-desalojo-y-ordenan-tapiar","status":"publish","type":"post","link":"https:\/\/vocesdebaires.com.ar\/index.php\/2019\/11\/13\/geriatrico-clausura-desalojo-y-ordenan-tapiar\/","title":{"rendered":"Geri\u00e1trico: Clausura, desalojo  y ordenan tapiar"},"content":{"rendered":"<p>El titular del Juzgado en lo Penal, Contravencional y de Faltas N\u00b06 de la Ciudad de Buenos Aires, Gonzalo Rua, convalid\u00f3 el desalojo del establecimiento comercial ubicado en Capit\u00e1n General Ram\u00f3n Freire 2362, de esta ciudad; y dispuso la clausura preventiva del geri\u00e1trico denominado Residencia Freire SRL, por razones de salud y seguridad p\u00fablica. Todo esto en el marco de los autos caratulados Larrosa, Jos\u00e9 Mar\u00eda sobre 74 a) violar clausura impuesta por autoridad judicial o administrativa\u00bb, Expte. 38389\/2019-0.<\/p>\n<p>El magistrado record\u00f3 que la presente causa tuvo inicio el 26 de abril del corriente cuando personal del Departamento de Emergencias Policial se constituy\u00f3 en el domicilio referido y pudo constatar que el mismo se encontraba funcionando pese a la clausura administrativa que pesa sobre aquel desde el a\u00f1o 2011\u2033. Fue as\u00ed que el 29 de agosto, se pudo constatar que continuaban desarrollando actividad, lo que gener\u00f3 incluso el labrado de un nuevo acta contravencional, ello en tanto se verific\u00f3 el ingreso de cuatro nuevos alojados en el lugar, pese a encontrarse clausurado por la Direcci\u00f3n General de Fiscalizaci\u00f3n y Control del Gobierno de la Ciudad de Buenos Aires. Y por tanto, se intim\u00f3 a la reubicaci\u00f3n de los internos de manera inmediata.<\/p>\n<p>Finalmente, el 30 de octubre se pudo desalojar en su totalidad, tapiar, colocar fajas de clausura y soldar las rejas exteriores. Fue entonces que la Fiscal\u00eda solicit\u00f3 la clausura preventiva, a lo que hizo lugar el titular del Juzgado N\u00b06. Al respecto, concluy\u00f3 que \u00ablos hechos contravencionales que aqu\u00ed se investigan sin duda constituyen un riesgo a la salud p\u00fablica, ello en tanto los presuntos contraventores, con su accionar reiterado, han posibilitado, durante todo este tiempo, que el establecimiento de marras continuara desarrollando actividad, pese a encontrarse clausurado administrativamente en virtud de graves infracciones all\u00ed constatadas.<\/p>\n<p>La ardua e incesante tarea desplegada por los responsables del geri\u00e1trico para sortear las medidas tanto administrativas como judiciales impuestas y as\u00ed evadir el accionar judicial y continuar ejerciendo una actividad riesgosa\u00a0 como es el cuidado de una cantidad considerable de ancianos, pese a la vigencia de la clausura que sobre aqu\u00e9l domicilio pesaba desde el 2011\u2033, seg\u00fan indic\u00f3, resolvieron su decisi\u00f3n de ordenar el allanamiento. Y se\u00f1al\u00f3 que existieron un total de nueve disposiciones actualmente diez de la DGFyC\u00a0 mediante las que se fueron ampliando los motivos de clausura administrativa.Para resolver, Rua tuvo en cuenta los antecedentes judiciales que registran los aqu\u00ed imputados por violar las clausuras administrativas reca\u00eddas sobre la explotaci\u00f3n comercial en cuesti\u00f3n, conductas por las que tanto Larrosa como C\u00f3rdoba ya fueron condenados en el pasado por este Juzgado y el Juzgado PCyF N\u00b031, respectivamente, pese a lo cual persistieron en su accionar, motivando as\u00ed el inicio de este nuevo caso contravencional.<\/p>\n","protected":false},"excerpt":{"rendered":"<p>El titular del Juzgado en lo Penal, Contravencional y de Faltas N\u00b06 de la Ciudad de Buenos Aires, Gonzalo Rua, convalid\u00f3 el desalojo del establecimiento comercial ubicado en Capit\u00e1n General Ram\u00f3n Freire 2362, de esta ciudad; y dispuso la clausura preventiva del geri\u00e1trico denominado Residencia Freire SRL, por razones de salud y seguridad p\u00fablica. Todo [&hellip;]<\/p>\n","protected":false},"author":1,"featured_media":5333,"comment_status":"open","ping_status":"open","sticky":false,"template":"","format":"standard","meta":{"_et_pb_use_builder":"","_et_pb_old_content":"","_et_gb_content_width":"","footnotes":""},"categories":[11,32],"tags":[],"class_list":["post-5332","post","type-post","status-publish","format-standard","has-post-thumbnail","hentry","category-ciudad","category-comunas"],"_links":{"self":[{"href":"https:\/\/vocesdebaires.com.ar\/index.php\/wp-json\/wp\/v2\/posts\/5332"}],"collection":[{"href":"https:\/\/vocesdebaires.com.ar\/index.php\/wp-json\/wp\/v2\/posts"}],"about":[{"href":"https:\/\/vocesdebaires.com.ar\/index.php\/wp-json\/wp\/v2\/types\/post"}],"author":[{"embeddable":true,"href":"https:\/\/vocesdebaires.com.ar\/index.php\/wp-json\/wp\/v2\/users\/1"}],"replies":[{"embeddable":true,"href":"https:\/\/vocesdebaires.com.ar\/index.php\/wp-json\/wp\/v2\/comments?post=5332"}],"version-history":[{"count":0,"href":"https:\/\/vocesdebaires.com.ar\/index.php\/wp-json\/wp\/v2\/posts\/5332\/revisions"}],"wp:featuredmedia":[{"embeddable":true,"href":"https:\/\/vocesdebaires.com.ar\/index.php\/wp-json\/wp\/v2\/media\/5333"}],"wp:attachment":[{"href":"https:\/\/vocesdebaires.com.ar\/index.php\/wp-json\/wp\/v2\/media?parent=5332"}],"wp:term":[{"taxonomy":"category","embeddable":true,"href":"https:\/\/vocesdebaires.com.ar\/index.php\/wp-json\/wp\/v2\/categories?post=5332"},{"taxonomy":"post_tag","embeddable":true,"href":"https:\/\/vocesdebaires.com.ar\/index.php\/wp-json\/wp\/v2\/tags?post=5332"}],"curies":[{"name":"wp","href":"https:\/\/api.w.org\/{rel}","templated":true}]}}