{"id":5334,"date":"2019-11-13T03:00:00","date_gmt":"2019-11-13T06:00:00","guid":{"rendered":"http:\/\/vocesdebaires.com.ar\/wordpress\/index.php\/2019\/11\/13\/amia-distinciones-trabajo-por-la-memoria\/"},"modified":"2019-11-13T03:00:00","modified_gmt":"2019-11-13T06:00:00","slug":"amia-distinciones-trabajo-por-la-memoria","status":"publish","type":"post","link":"https:\/\/vocesdebaires.com.ar\/index.php\/2019\/11\/13\/amia-distinciones-trabajo-por-la-memoria\/","title":{"rendered":"AMIA: Distinciones &quot;Trabajo por la memoria&quot;"},"content":{"rendered":"<p>AMIA fue distinguida con un premio Obrar por la pieza audiovisual \u201cCumplea\u00f1os\u201d y con dos premios Effie Awards por la campa\u00f1a publicitaria \u201cSeguimos en el 94\u201d.Los reconocimientos destacaron las obras audiovisuales que se realizaron, en el marco del 25\u00ba aniversario del ataque terrorista, para renovar el pedido de justicia y homenajear a las v\u00edctimas del atentado perpetrado el 18 de julio de 1994.En la 10\u00aa entrega de los Premios Obrar del Consejo Publicitario Argentino, realizada el pasado viernes 8 de noviembre, AMIA logr\u00f3 el trofeo de plata en la categor\u00eda ONG con la campa\u00f1a \u201cCumplea\u00f1os\u201d.El video cuenta con los testimonios de veintis\u00e9is j\u00f3venes que nacieron el d\u00eda que un coche bomba se incrust\u00f3 frente a la sede de Pasteur 633.<\/p>\n<p>La obra propone dimensionar el paso del tiempo, graficar los a\u00f1os que el terrorismo impidi\u00f3 vivir a 85 personas, y crear conciencia acerca de lo que significa para la sociedad, y especialmente para las nuevas generaciones, seguir conviviendo con la impunidad. Adem\u00e1s, el martes 5 de noviembre, la campa\u00f1a publicitaria \u201cSeguimos en el 94\u201d, creada por el Consejo Publicitario Argentino y la agencia Liebre Amotinada, fue reconocida con dos galardones en la 14\u00aa edici\u00f3n de Effie Awards Argentina, el certamen que pone su foco en la publicidad efectiva. Durante julio, los canales de TV de aire y 30 radios emitieron, en sus tandas comerciales, anuncios de programas emitidos en 1994. En televisi\u00f3n, por ejemplo, las promociones de \u00e9xitos como \u201cGrande Pa\u201d o \u201cReina en colores\u201d, interrumpieron con mensajes que convocaban a la reflexi\u00f3n: \u201cMientras no haya justicia seguimos en el 94\u201d.<\/p>\n","protected":false},"excerpt":{"rendered":"<p>AMIA fue distinguida con un premio Obrar por la pieza audiovisual \u201cCumplea\u00f1os\u201d y con dos premios Effie Awards por la campa\u00f1a publicitaria \u201cSeguimos en el 94\u201d.Los reconocimientos destacaron las obras audiovisuales que se realizaron, en el marco del 25\u00ba aniversario del ataque terrorista, para renovar el pedido de justicia y homenajear a las v\u00edctimas del [&hellip;]<\/p>\n","protected":false},"author":1,"featured_media":5335,"comment_status":"open","ping_status":"open","sticky":false,"template":"","format":"standard","meta":{"_et_pb_use_builder":"","_et_pb_old_content":"","_et_gb_content_width":"","footnotes":""},"categories":[11,32],"tags":[],"class_list":["post-5334","post","type-post","status-publish","format-standard","has-post-thumbnail","hentry","category-ciudad","category-comunas"],"_links":{"self":[{"href":"https:\/\/vocesdebaires.com.ar\/index.php\/wp-json\/wp\/v2\/posts\/5334"}],"collection":[{"href":"https:\/\/vocesdebaires.com.ar\/index.php\/wp-json\/wp\/v2\/posts"}],"about":[{"href":"https:\/\/vocesdebaires.com.ar\/index.php\/wp-json\/wp\/v2\/types\/post"}],"author":[{"embeddable":true,"href":"https:\/\/vocesdebaires.com.ar\/index.php\/wp-json\/wp\/v2\/users\/1"}],"replies":[{"embeddable":true,"href":"https:\/\/vocesdebaires.com.ar\/index.php\/wp-json\/wp\/v2\/comments?post=5334"}],"version-history":[{"count":0,"href":"https:\/\/vocesdebaires.com.ar\/index.php\/wp-json\/wp\/v2\/posts\/5334\/revisions"}],"wp:featuredmedia":[{"embeddable":true,"href":"https:\/\/vocesdebaires.com.ar\/index.php\/wp-json\/wp\/v2\/media\/5335"}],"wp:attachment":[{"href":"https:\/\/vocesdebaires.com.ar\/index.php\/wp-json\/wp\/v2\/media?parent=5334"}],"wp:term":[{"taxonomy":"category","embeddable":true,"href":"https:\/\/vocesdebaires.com.ar\/index.php\/wp-json\/wp\/v2\/categories?post=5334"},{"taxonomy":"post_tag","embeddable":true,"href":"https:\/\/vocesdebaires.com.ar\/index.php\/wp-json\/wp\/v2\/tags?post=5334"}],"curies":[{"name":"wp","href":"https:\/\/api.w.org\/{rel}","templated":true}]}}