{"id":5336,"date":"2019-09-30T03:00:00","date_gmt":"2019-09-30T06:00:00","guid":{"rendered":"http:\/\/vocesdebaires.com.ar\/wordpress\/index.php\/2019\/09\/30\/juzgado-contencioso-administrativo-y-tributario\/"},"modified":"2019-09-30T03:00:00","modified_gmt":"2019-09-30T06:00:00","slug":"juzgado-contencioso-administrativo-y-tributario","status":"publish","type":"post","link":"https:\/\/vocesdebaires.com.ar\/index.php\/2019\/09\/30\/juzgado-contencioso-administrativo-y-tributario\/","title":{"rendered":"Juzgado: Contencioso Administrativo y Tributario"},"content":{"rendered":"<p>El Juzgado de Primera Instancia en lo Contencioso, Administrativo y Tributario de la Ciudad de Buenos Aires N \u00ba4, a cargo de la Dra. Elena Liberatori, Secretar\u00eda N \u00ba8, a cargo del Dr. Germ\u00e1n Rodr\u00edguez Gauna, sito en Av. de Mayo 654, piso 1\u00b0, de la Ciudad de Buenos Aires, de conformidad con lo previsto en los arts. 129 y 130 del C\u00f3digo Contencioso, Administrativo y Tributario de la CABA (Ley 189, C\u00f3digo Contencioso Administrativo y Tributario) y en el marco de los autos caratulados \u00abCando, Fabi\u00e1n Omar C\/ GCBA y otros S\/ Amparo \u2013 Salud \u2013 Otros\u00bb, Exp. 2110\/2019-0, cita y emplaza a todas aquellas personas que tengan un inter\u00e9s jur\u00eddico relevante en integrar el proceso ya sea como actora o demandada, para que en el plazo de diez (10) d\u00edas que se presenten en el expediente, constituyan domicilio y manifiesten lo que por derecho corresponda, bajo apercibimiento de continuar el juicio seg\u00fan su estado, y sin perjuicio de lo previsto en el art\u00edculo 84 y ss. del CCAyT. El plazo indicado comenzar\u00e1 a correr a partir de la \u00faltima publicaci\u00f3n del edicto en el Bolet\u00edn Oficial de la Ciudad de Buenos Aires o de la publicidad efectuada por radiodifusi\u00f3n, lo que ocurra en fecha posterior.<\/p>\n<p>A tal fin, se hace saber que la acci\u00f3n de amparo colectivo mencionada tiene por objeto que se ordene el cese al Gobierno de la Ciudad de Buenos Aires \u2013 Ministerio de Salud en su omisi\u00f3n de realizar todas las acciones necesarias para remover los obst\u00e1culos que impiden el efectivo acceso a la protecci\u00f3n y efectividad de los derechos de la salud vinculados con las personas que padecen enfermedades cerebro vasculares (ACV) en tanto no cumpli\u00f3 con su obligaci\u00f3n de generar el acceso a una pol\u00edtica p\u00fablica respetuosa de sus derechos ni gener\u00f3 ninguna acci\u00f3n tendiente a prevenir y morigerar consecuencias derivadas de aquella. En particular se solicita, que se adopte a nivel local un protocolo o medidas afines tendientes a la prevenci\u00f3n y tratamiento de la enfermedad cerebrovascular en el \u00e1mbito de los establecimientos hospitalarios bajo su jurisdicci\u00f3n. (Derecho a la Salud Integral Art. 21 Inc. 12 Constituci\u00f3n de la Ciudad de Buenos Aires). El presente debe publicarse por tres (3) d\u00edas en el Bolet\u00edn Oficial de la Ciudad de Buenos Aires.<\/p>\n","protected":false},"excerpt":{"rendered":"<p>El Juzgado de Primera Instancia en lo Contencioso, Administrativo y Tributario de la Ciudad de Buenos Aires N \u00ba4, a cargo de la Dra. Elena Liberatori, Secretar\u00eda N \u00ba8, a cargo del Dr. Germ\u00e1n Rodr\u00edguez Gauna, sito en Av. de Mayo 654, piso 1\u00b0, de la Ciudad de Buenos Aires, de conformidad con lo previsto [&hellip;]<\/p>\n","protected":false},"author":1,"featured_media":3194,"comment_status":"open","ping_status":"open","sticky":false,"template":"","format":"standard","meta":{"_et_pb_use_builder":"","_et_pb_old_content":"","_et_gb_content_width":"","footnotes":""},"categories":[11,32],"tags":[],"class_list":["post-5336","post","type-post","status-publish","format-standard","has-post-thumbnail","hentry","category-ciudad","category-comunas"],"_links":{"self":[{"href":"https:\/\/vocesdebaires.com.ar\/index.php\/wp-json\/wp\/v2\/posts\/5336"}],"collection":[{"href":"https:\/\/vocesdebaires.com.ar\/index.php\/wp-json\/wp\/v2\/posts"}],"about":[{"href":"https:\/\/vocesdebaires.com.ar\/index.php\/wp-json\/wp\/v2\/types\/post"}],"author":[{"embeddable":true,"href":"https:\/\/vocesdebaires.com.ar\/index.php\/wp-json\/wp\/v2\/users\/1"}],"replies":[{"embeddable":true,"href":"https:\/\/vocesdebaires.com.ar\/index.php\/wp-json\/wp\/v2\/comments?post=5336"}],"version-history":[{"count":0,"href":"https:\/\/vocesdebaires.com.ar\/index.php\/wp-json\/wp\/v2\/posts\/5336\/revisions"}],"wp:featuredmedia":[{"embeddable":true,"href":"https:\/\/vocesdebaires.com.ar\/index.php\/wp-json\/wp\/v2\/media\/3194"}],"wp:attachment":[{"href":"https:\/\/vocesdebaires.com.ar\/index.php\/wp-json\/wp\/v2\/media?parent=5336"}],"wp:term":[{"taxonomy":"category","embeddable":true,"href":"https:\/\/vocesdebaires.com.ar\/index.php\/wp-json\/wp\/v2\/categories?post=5336"},{"taxonomy":"post_tag","embeddable":true,"href":"https:\/\/vocesdebaires.com.ar\/index.php\/wp-json\/wp\/v2\/tags?post=5336"}],"curies":[{"name":"wp","href":"https:\/\/api.w.org\/{rel}","templated":true}]}}