{"id":534,"date":"2021-02-01T03:00:00","date_gmt":"2021-02-01T06:00:00","guid":{"rendered":"http:\/\/vocesdebaires.com.ar\/wordpress\/index.php\/2021\/02\/01\/vendian-bicicletas-robadas-por-internet\/"},"modified":"2021-02-01T03:00:00","modified_gmt":"2021-02-01T06:00:00","slug":"vendian-bicicletas-robadas-por-internet","status":"publish","type":"post","link":"https:\/\/vocesdebaires.com.ar\/index.php\/2021\/02\/01\/vendian-bicicletas-robadas-por-internet\/","title":{"rendered":"Vend\u00edan bicicletas robadas por internet"},"content":{"rendered":"<p>Como resultado de la investigaci\u00f3n se inform\u00f3 de las novedades a la Fiscal\u00eda Nacional en lo Criminal y Correccional N\u00b0 60, a cargo del Dr. Edgardo Orfila, que orden\u00f3 una compra controlada del producto, siendo autorizada esta pr\u00e1ctica por el Juzgado Criminal y Correccional N\u00b0 55, a cargo de la Dra. Alliaud. D\u00e9 esta manera, efectivos de la Polic\u00eda de la Ciudad pactaron una compra con los supuestos vendedores que tuvo como punto de encuentro la intersecci\u00f3n de las calles Mario Bravo y Humahuaca, en el barrio de Almagro.<\/p>\n<p>Al llegar al lugar y tomando todos los recaudos necesarios para evitar alertar a los sospechosos y poder realizar la detenci\u00f3n de los mismos, los efectivos esperaron que los vendedores bajaran las bicicletas de una camioneta Fiat Doblo para proceder a su detenci\u00f3n. Tras dar aviso al Juzgado, se dispuso el traslado de los imputados, ambos de nacionalidad peruana, a dependencias de la Polic\u00eda de la Ciudad y el secuestro de las bicicletas, la camioneta en la que se trasladaban y los celulares que portaban para peritar e investigar si se trataba de una organizaci\u00f3n dedicada a reducir elementos de hechos delictivos o si tambi\u00e9n eran los autores de los robos.<\/p>\n","protected":false},"excerpt":{"rendered":"<p>Como resultado de la investigaci\u00f3n se inform\u00f3 de las novedades a la Fiscal\u00eda Nacional en lo Criminal y Correccional N\u00b0 60, a cargo del Dr. Edgardo Orfila, que orden\u00f3 una compra controlada del producto, siendo autorizada esta pr\u00e1ctica por el Juzgado Criminal y Correccional N\u00b0 55, a cargo de la Dra. Alliaud. D\u00e9 esta manera, [&hellip;]<\/p>\n","protected":false},"author":1,"featured_media":535,"comment_status":"open","ping_status":"open","sticky":false,"template":"","format":"standard","meta":{"_et_pb_use_builder":"","_et_pb_old_content":"","_et_gb_content_width":"","footnotes":""},"categories":[11,32],"tags":[],"class_list":["post-534","post","type-post","status-publish","format-standard","has-post-thumbnail","hentry","category-ciudad","category-comunas"],"_links":{"self":[{"href":"https:\/\/vocesdebaires.com.ar\/index.php\/wp-json\/wp\/v2\/posts\/534"}],"collection":[{"href":"https:\/\/vocesdebaires.com.ar\/index.php\/wp-json\/wp\/v2\/posts"}],"about":[{"href":"https:\/\/vocesdebaires.com.ar\/index.php\/wp-json\/wp\/v2\/types\/post"}],"author":[{"embeddable":true,"href":"https:\/\/vocesdebaires.com.ar\/index.php\/wp-json\/wp\/v2\/users\/1"}],"replies":[{"embeddable":true,"href":"https:\/\/vocesdebaires.com.ar\/index.php\/wp-json\/wp\/v2\/comments?post=534"}],"version-history":[{"count":0,"href":"https:\/\/vocesdebaires.com.ar\/index.php\/wp-json\/wp\/v2\/posts\/534\/revisions"}],"wp:featuredmedia":[{"embeddable":true,"href":"https:\/\/vocesdebaires.com.ar\/index.php\/wp-json\/wp\/v2\/media\/535"}],"wp:attachment":[{"href":"https:\/\/vocesdebaires.com.ar\/index.php\/wp-json\/wp\/v2\/media?parent=534"}],"wp:term":[{"taxonomy":"category","embeddable":true,"href":"https:\/\/vocesdebaires.com.ar\/index.php\/wp-json\/wp\/v2\/categories?post=534"},{"taxonomy":"post_tag","embeddable":true,"href":"https:\/\/vocesdebaires.com.ar\/index.php\/wp-json\/wp\/v2\/tags?post=534"}],"curies":[{"name":"wp","href":"https:\/\/api.w.org\/{rel}","templated":true}]}}