{"id":5348,"date":"2019-09-30T03:00:00","date_gmt":"2019-09-30T06:00:00","guid":{"rendered":"http:\/\/vocesdebaires.com.ar\/wordpress\/index.php\/2019\/09\/30\/tabladaamia-condena-ataque-al-cementerio\/"},"modified":"2019-09-30T03:00:00","modified_gmt":"2019-09-30T06:00:00","slug":"tabladaamia-condena-ataque-al-cementerio","status":"publish","type":"post","link":"https:\/\/vocesdebaires.com.ar\/index.php\/2019\/09\/30\/tabladaamia-condena-ataque-al-cementerio\/","title":{"rendered":"Tablada:AMIA condena ataque al cementerio"},"content":{"rendered":"<p>AMIA, Comunidad Jud\u00eda Argentina, expresa su absoluto repudio y preocupaci\u00f3n ante la agresi\u00f3n cobarde y vand\u00e1lica que, en horas de la madrugada del pasado s\u00e1bado 28 de septiembre, provoc\u00f3 la destrucci\u00f3n de m\u00e1s de 15 metros de uno de los muros perimetrales del Cementerio Comunitario de La Tablada, la afectaci\u00f3n de tumbas y el robo de placas de bronce. Seg\u00fan la informaci\u00f3n obtenida hasta el momento, un grupo de personas, nutridas de elementos contundentes, golpearon hasta derribar un sector de una de las paredes que est\u00e1 sobre la calle interna que divide lo que se conoce como la \u201cParte Vieja\u201d de la \u201cParte Nueva\u201d del Cementerio\u201d.<\/p>\n<p>Adem\u00e1s, rompieron monumentos cercanos a ese lugar y robaron placas de dichas l\u00e1pidas.En forma llamativa, estos hechos se producen menos de 24 horas luego de que la instituci\u00f3n recibiera una carta enviada por la \u201cDelegaci\u00f3n de Custodias de Objetivos Fijos, Personas y Traslados de Detenidos\u201d de la Divisi\u00f3n Departamental de La Matanza, en la que informan que, por haber sufrido una disminuci\u00f3n en su personal, se tom\u00f3 la decisi\u00f3n de reducir el servicio de protecci\u00f3n policial que se brindaba en el predio del Cementerio en el horario nocturno.<\/p>\n<p>\u201cEn la v\u00edspera de la llegada del A\u00f1o Nuevo Jud\u00edo, uno de los momentos m\u00e1s trascendentes en el calendario de nuestra comunidad, estos sucesos violentos en un lugar tan sagrado a nivel religioso, de tradici\u00f3n familiar y de acervo cultural como el Cementerio, nos llenan de dolor y consternaci\u00f3n\u201d, expres\u00f3 Ariel Eichbaum, presidente de AMIA.\u00a0\u201cDesde la instituci\u00f3n hacemos llegar nuestro reclamo a las m\u00e1ximas autoridades del Municipio y del Ministerio de Seguridad de la Provincia de Buenos Aires, para que se investigue en profundidad lo sucedido y exigimos que se extremen de manera inmediata las medidas de prevenci\u00f3n para garantizar que no vuelvan a ocurrir\u201d, agreg\u00f3.<\/p>\n","protected":false},"excerpt":{"rendered":"<p>AMIA, Comunidad Jud\u00eda Argentina, expresa su absoluto repudio y preocupaci\u00f3n ante la agresi\u00f3n cobarde y vand\u00e1lica que, en horas de la madrugada del pasado s\u00e1bado 28 de septiembre, provoc\u00f3 la destrucci\u00f3n de m\u00e1s de 15 metros de uno de los muros perimetrales del Cementerio Comunitario de La Tablada, la afectaci\u00f3n de tumbas y el robo [&hellip;]<\/p>\n","protected":false},"author":1,"featured_media":5349,"comment_status":"open","ping_status":"open","sticky":false,"template":"","format":"standard","meta":{"_et_pb_use_builder":"","_et_pb_old_content":"","_et_gb_content_width":"","footnotes":""},"categories":[35,13],"tags":[],"class_list":["post-5348","post","type-post","status-publish","format-standard","has-post-thumbnail","hentry","category-gobierno","category-provincia"],"_links":{"self":[{"href":"https:\/\/vocesdebaires.com.ar\/index.php\/wp-json\/wp\/v2\/posts\/5348"}],"collection":[{"href":"https:\/\/vocesdebaires.com.ar\/index.php\/wp-json\/wp\/v2\/posts"}],"about":[{"href":"https:\/\/vocesdebaires.com.ar\/index.php\/wp-json\/wp\/v2\/types\/post"}],"author":[{"embeddable":true,"href":"https:\/\/vocesdebaires.com.ar\/index.php\/wp-json\/wp\/v2\/users\/1"}],"replies":[{"embeddable":true,"href":"https:\/\/vocesdebaires.com.ar\/index.php\/wp-json\/wp\/v2\/comments?post=5348"}],"version-history":[{"count":0,"href":"https:\/\/vocesdebaires.com.ar\/index.php\/wp-json\/wp\/v2\/posts\/5348\/revisions"}],"wp:featuredmedia":[{"embeddable":true,"href":"https:\/\/vocesdebaires.com.ar\/index.php\/wp-json\/wp\/v2\/media\/5349"}],"wp:attachment":[{"href":"https:\/\/vocesdebaires.com.ar\/index.php\/wp-json\/wp\/v2\/media?parent=5348"}],"wp:term":[{"taxonomy":"category","embeddable":true,"href":"https:\/\/vocesdebaires.com.ar\/index.php\/wp-json\/wp\/v2\/categories?post=5348"},{"taxonomy":"post_tag","embeddable":true,"href":"https:\/\/vocesdebaires.com.ar\/index.php\/wp-json\/wp\/v2\/tags?post=5348"}],"curies":[{"name":"wp","href":"https:\/\/api.w.org\/{rel}","templated":true}]}}