{"id":5362,"date":"2019-09-27T03:00:00","date_gmt":"2019-09-27T06:00:00","guid":{"rendered":"http:\/\/vocesdebaires.com.ar\/wordpress\/index.php\/2019\/09\/27\/dia-de-lucha-contra-el-acoso-sexual-callejero\/"},"modified":"2019-09-27T03:00:00","modified_gmt":"2019-09-27T06:00:00","slug":"dia-de-lucha-contra-el-acoso-sexual-callejero","status":"publish","type":"post","link":"https:\/\/vocesdebaires.com.ar\/index.php\/2019\/09\/27\/dia-de-lucha-contra-el-acoso-sexual-callejero\/","title":{"rendered":"D\u00eda de lucha contra el acoso sexual callejero"},"content":{"rendered":"<p>La Legislatura de la Ciudad Aut\u00f3noma de Buenas Aires mediante una declaraci\u00f3n &quot;conmemora el &quot;D\u00eda de lucha contra el acoso sexual callejero&quot;, a celebrarse el 2 de octubre del corriente a\u00f1o y adhiere a todas las actividades que se realicen en el marco de dicha fecha&quot;.En 2015, la Capital Federal sancion\u00f3 la Ley N\u00b0 5.306, convirti\u00e9ndose en la primera jurisdicci\u00f3n de la Argentina en establecer una ley sobre Acoso Callejero. Asimismo, en 2016 se incorpor\u00f3 el acoso sexual en espacios p\u00fablicos y privados de acceso p\u00fablicos al C\u00f3digo Contravencional porte\u00f1o a trav\u00e9s de la Ley N\u00b0 5.742. Adem\u00e1s, La Ciudad cuenta con la l\u00ednea telef\u00f3nica 144, que brinda atenci\u00f3n a las victimas las 24 horas, los 365 d\u00edas del a\u00f1o.<\/p>\n<p>Seg\u00fan un estudio realizado por el Banco de Desarrollo de Am\u00e9rica Latina sobre la seguridad personal de las mujeres y el transporte p\u00fablico, en el a\u00f1o 2017 del total de personas que expres\u00f3 haber sufrido dos o m\u00e1s situaciones de acoso callejero el 89% son mujeres.<\/p>\n<p>&quot;Respecto del acoso callejero en concreto, al menos en el \u00e1mbito de la Ciudad de Buenos Aires, las denuncias por acoso sexual callejero en la Justicia porte\u00f1a crecieron m\u00e1s de 50% en 2018 con respecto al a\u00f1o anterior, mientras que las vinculadas a exhibiciones obscenas aumentaron m\u00e1s de 40%. Tenemos que comprometernos a seguir avanzando para que la sociedad asuma el desaf\u00edo de crear en el espacio p\u00fablico un ambiente respetuoso, representativo y arm\u00f3nico para vivir&quot; argumentaron los firmantes de la iniciativa diputada Paola Michielotto y como coautores sus pares Daniel Del Sol, Carolina Estebarena, Natalia Fidel, Cristina Garc\u00eda de Aurteneche, Mar\u00eda Luisa Gonz\u00e1lez Estevarena, Guillermo Gonz\u00e1lez Heredia, Mar\u00eda Sol M\u00e9ndez, Eduardo Petrini, Victoria Rold\u00e1n M\u00e9ndez y Paula Villalba (VJ).<\/p>\n","protected":false},"excerpt":{"rendered":"<p>La Legislatura de la Ciudad Aut\u00f3noma de Buenas Aires mediante una declaraci\u00f3n &quot;conmemora el &quot;D\u00eda de lucha contra el acoso sexual callejero&quot;, a celebrarse el 2 de octubre del corriente a\u00f1o y adhiere a todas las actividades que se realicen en el marco de dicha fecha&quot;.En 2015, la Capital Federal sancion\u00f3 la Ley N\u00b0 5.306, [&hellip;]<\/p>\n","protected":false},"author":1,"featured_media":5363,"comment_status":"open","ping_status":"open","sticky":false,"template":"","format":"standard","meta":{"_et_pb_use_builder":"","_et_pb_old_content":"","_et_gb_content_width":"","footnotes":""},"categories":[11,33],"tags":[],"class_list":["post-5362","post","type-post","status-publish","format-standard","has-post-thumbnail","hentry","category-ciudad","category-sociedad-y-cultura-2"],"_links":{"self":[{"href":"https:\/\/vocesdebaires.com.ar\/index.php\/wp-json\/wp\/v2\/posts\/5362"}],"collection":[{"href":"https:\/\/vocesdebaires.com.ar\/index.php\/wp-json\/wp\/v2\/posts"}],"about":[{"href":"https:\/\/vocesdebaires.com.ar\/index.php\/wp-json\/wp\/v2\/types\/post"}],"author":[{"embeddable":true,"href":"https:\/\/vocesdebaires.com.ar\/index.php\/wp-json\/wp\/v2\/users\/1"}],"replies":[{"embeddable":true,"href":"https:\/\/vocesdebaires.com.ar\/index.php\/wp-json\/wp\/v2\/comments?post=5362"}],"version-history":[{"count":0,"href":"https:\/\/vocesdebaires.com.ar\/index.php\/wp-json\/wp\/v2\/posts\/5362\/revisions"}],"wp:featuredmedia":[{"embeddable":true,"href":"https:\/\/vocesdebaires.com.ar\/index.php\/wp-json\/wp\/v2\/media\/5363"}],"wp:attachment":[{"href":"https:\/\/vocesdebaires.com.ar\/index.php\/wp-json\/wp\/v2\/media?parent=5362"}],"wp:term":[{"taxonomy":"category","embeddable":true,"href":"https:\/\/vocesdebaires.com.ar\/index.php\/wp-json\/wp\/v2\/categories?post=5362"},{"taxonomy":"post_tag","embeddable":true,"href":"https:\/\/vocesdebaires.com.ar\/index.php\/wp-json\/wp\/v2\/tags?post=5362"}],"curies":[{"name":"wp","href":"https:\/\/api.w.org\/{rel}","templated":true}]}}