{"id":5374,"date":"2019-09-26T03:00:00","date_gmt":"2019-09-26T06:00:00","guid":{"rendered":"http:\/\/vocesdebaires.com.ar\/wordpress\/index.php\/2019\/09\/26\/subtedebatiran-prorroga-por-predio-estacion-saenz\/"},"modified":"2019-09-26T03:00:00","modified_gmt":"2019-09-26T06:00:00","slug":"subtedebatiran-prorroga-por-predio-estacion-saenz","status":"publish","type":"post","link":"https:\/\/vocesdebaires.com.ar\/index.php\/2019\/09\/26\/subtedebatiran-prorroga-por-predio-estacion-saenz\/","title":{"rendered":"Subte:Debatir\u00e1n pr\u00f3rroga por predio estaci\u00f3n S\u00e1enz"},"content":{"rendered":"<p>La pr\u00f3rroga por el t\u00e9rmino de dos a\u00f1os desde la fecha de su vencimiento respecto a la declaraci\u00f3n de utilidad p\u00fablica y expropiaci\u00f3n del inmueble ubicado en la Avenida S\u00e1enz N\u00b0 753 &#8211; Comuna 4 &#8211; donde se producir\u00e1 el desarrollo del centro de transbordo de la estaci\u00f3n S\u00e1enz de la l\u00ednea H del transporte subterr\u00e1neo de pasajeros, ser\u00e1 el principal asunto que debatir\u00e1\u00a0hoy \u00a0a partir de las 11:30 el Cuerpo Legislativo de la Ciudad Aut\u00f3noma de Buenos Aires.<\/p>\n<p>Seg\u00fan se acord\u00f3 ayer por la tarde durante la reuni\u00f3n de Labor Parlamentaria que presidi\u00f3 el Vicepresidente I,\u00a0el legislador \u00a0Francisco Quintana (VJ), el asunto presentado por el Jefe de Gobierno, Horacio Rodr\u00edguez Larreta, que tendr\u00e1 tratamiento preferencial ser\u00e1 discutido asign\u00e1ndosele cinco minutos a cada bloque. El proyecto modifica el art\u00edculo 3\u00ba de la Ley N\u00ba 5.233 sancionada el 11 de diciembre de 2014 que autoriz\u00f3 al Poder Ejecutivo a construir las obras civiles correspondientes a la denominada L\u00ednea \u201cH\u201c de subterr\u00e1neos, que en su desarrollo pleno vincula a la Estaci\u00f3n S\u00e1enz con la Estaci\u00f3n Retiro en la actualidad de la L\u00ednea &quot;C&quot;.<\/p>\n<p>En el predio de S\u00e1enz 753 se ubicar\u00e1n el acceso a la estaci\u00f3n, los locales t\u00e9cnicos destinados a su funcionamiento como cabecera y una zona con paradas de colectivos. Otro de los asuntos que considerar\u00e1n los diputados porte\u00f1os es la continuidad de la prestaci\u00f3n del servicio de taxis con modelos a\u00f1o 2009. Se aprobar\u00eda una cl\u00e1usula transitoria solicitada por el Ejecutivo que pretende modificar el C\u00f3digo de Tr\u00e1nsito y Transporte de esta Ciudad aprobado mediante Ley N\u00b0 2.148. El proyecto propicia una pr\u00f3rroga de los vencimientos de las licencias de veh\u00edculos de 2009 de manera excepcional por un a\u00f1o para que puedan seguir prestando servicio durante el a\u00f1o 2020.<\/p>\n<p>Estos veh\u00edculos no estar\u00e1n exceptuados de realizar la correspondiente verificaci\u00f3n t\u00e9cnica por lo que continuar\u00e1n cumpliendo con los est\u00e1ndares propuestos para la prestaci\u00f3n.Adem\u00e1s, la Legislatura aprobar\u00e1 su adhesi\u00f3n a la Ley Nacional de Trasplante de \u00d3rganos, Tejidos y C\u00e9lulas en la que se establece que toda persona mayor de 18 a\u00f1os es donante. Se podr\u00e1 manifestar el deseo contrario a trav\u00e9s de un registro que ofrece el Incucai y otras alternativas. La iniciativa fue impulsada por la diputada Mercedes De las Casas (VJ) quien tambi\u00e9n es autora de una propuesta elevada al Pleno por la Comisi\u00f3n de Salud que preside el diputado Jos\u00e9 Luis Acevedo (VJ) para modificar la Ley 3.294 a los fines de adecuar el procedimiento local a la normativa de todo el territorio argentino.<\/p>\n<p>El temario incluye tambi\u00e9n considerar en primera lectura un despacho de la Comisi\u00f3n de Cultura presidida por el legislador Omar Abboud (VJ) que autoriza el emplazamiento de un monumento en homenaje a los polic\u00edas de la Ciudad ca\u00eddos en cumplimiento de su deber. En este caso el promotor es el Jefe de Gobierno. Entre otros asuntos a propuesta de la Comisi\u00f3n de Relaciones Interjurisdiccionales que encabeza el diputado Juan Francisco Nosiglia (Ev) se aprobar\u00e1n diversos acuerdos suscriptos por el Gobierno de la Ciudad de Buenos Aires con otras ciudades del mundo tales como Hamburgo, Dallas, Houston-<\/p>\n","protected":false},"excerpt":{"rendered":"<p>La pr\u00f3rroga por el t\u00e9rmino de dos a\u00f1os desde la fecha de su vencimiento respecto a la declaraci\u00f3n de utilidad p\u00fablica y expropiaci\u00f3n del inmueble ubicado en la Avenida S\u00e1enz N\u00b0 753 &#8211; Comuna 4 &#8211; donde se producir\u00e1 el desarrollo del centro de transbordo de la estaci\u00f3n S\u00e1enz de la l\u00ednea H del transporte [&hellip;]<\/p>\n","protected":false},"author":1,"featured_media":5375,"comment_status":"open","ping_status":"open","sticky":false,"template":"","format":"standard","meta":{"_et_pb_use_builder":"","_et_pb_old_content":"","_et_gb_content_width":"","footnotes":""},"categories":[11,33],"tags":[],"class_list":["post-5374","post","type-post","status-publish","format-standard","has-post-thumbnail","hentry","category-ciudad","category-sociedad-y-cultura-2"],"_links":{"self":[{"href":"https:\/\/vocesdebaires.com.ar\/index.php\/wp-json\/wp\/v2\/posts\/5374"}],"collection":[{"href":"https:\/\/vocesdebaires.com.ar\/index.php\/wp-json\/wp\/v2\/posts"}],"about":[{"href":"https:\/\/vocesdebaires.com.ar\/index.php\/wp-json\/wp\/v2\/types\/post"}],"author":[{"embeddable":true,"href":"https:\/\/vocesdebaires.com.ar\/index.php\/wp-json\/wp\/v2\/users\/1"}],"replies":[{"embeddable":true,"href":"https:\/\/vocesdebaires.com.ar\/index.php\/wp-json\/wp\/v2\/comments?post=5374"}],"version-history":[{"count":0,"href":"https:\/\/vocesdebaires.com.ar\/index.php\/wp-json\/wp\/v2\/posts\/5374\/revisions"}],"wp:featuredmedia":[{"embeddable":true,"href":"https:\/\/vocesdebaires.com.ar\/index.php\/wp-json\/wp\/v2\/media\/5375"}],"wp:attachment":[{"href":"https:\/\/vocesdebaires.com.ar\/index.php\/wp-json\/wp\/v2\/media?parent=5374"}],"wp:term":[{"taxonomy":"category","embeddable":true,"href":"https:\/\/vocesdebaires.com.ar\/index.php\/wp-json\/wp\/v2\/categories?post=5374"},{"taxonomy":"post_tag","embeddable":true,"href":"https:\/\/vocesdebaires.com.ar\/index.php\/wp-json\/wp\/v2\/tags?post=5374"}],"curies":[{"name":"wp","href":"https:\/\/api.w.org\/{rel}","templated":true}]}}