{"id":5377,"date":"2019-09-26T03:00:00","date_gmt":"2019-09-26T06:00:00","guid":{"rendered":"http:\/\/vocesdebaires.com.ar\/wordpress\/index.php\/2019\/09\/26\/patrullaritondo-inauguro-nuevo-comando\/"},"modified":"2019-09-26T03:00:00","modified_gmt":"2019-09-26T06:00:00","slug":"patrullaritondo-inauguro-nuevo-comando","status":"publish","type":"post","link":"https:\/\/vocesdebaires.com.ar\/index.php\/2019\/09\/26\/patrullaritondo-inauguro-nuevo-comando\/","title":{"rendered":"Patrulla:Ritondo inaugur\u00f3 nuevo Comando"},"content":{"rendered":"<p>El ministro de Seguridad de la provincia de Buenos Aires, Cristian Ritondo, entreg\u00f3 16 m\u00f3viles policiales para diferentes dependencias de la Polic\u00eda e inaugur\u00f3 la nueva sede del Comando de Patrulla Rural en Mar del Plata, con el objetivo de reforzar los trabajos de prevenci\u00f3n en esa ciudad balnearia.&quot;El incremento de la flota de veh\u00edculos policiales hace que la Polic\u00eda acuda en menor tiempo a los llamados del 911, mejora la presencia policial en cada cuadra para estar m\u00e1s cerca de los vecinos y vecinas&quot;, afirm\u00f3 durante la ceremonia Ritondo, acompa\u00f1ado por los intendentes de General Pueyrred\u00f3n y de Balcarce, Carlos Arroyo y Esteban Reino respectivamente.<\/p>\n<p>&quot;Estos m\u00f3viles se suman a los m\u00e1s de 3000 que hemos entregado durante nuestra gesti\u00f3n&quot;, sostuvo el titular de la cartera de Seguridad, quien agreg\u00f3 que &quot;\u00e9sta es la Polic\u00eda que logramos construir: una Polic\u00eda de cercan\u00eda, una Polic\u00eda al servicio de los vecinos y las vecinas, una Polic\u00eda con recursos, una Polic\u00eda con mayor capacidad de actuar frente al delito y en favor de quienes los necesitan&quot;. Los m\u00f3viles son cinco autos y once camionetas 0 km que ser\u00e1n distribuidos en las dependencias del Comando de Patrullas, Comando de Patrullas Rural y en las ciudades de Balcarce y Necochea.<\/p>\n<p>Durante la actividad, el funcionario del gabinete de Mar\u00eda Eugenia Vidal dej\u00f3\u00a0 inauguradas\u00a0 las nuevas instalaciones del Comando de Patrulla Rural,\u00a0 donde asegur\u00f3: &quot;esta nueva sede simboliza el incremento respecto del alcance de la Polic\u00eda de la Provincia, permitiendo que los efectivos se desplacen hacia las distintas cuadr\u00edculas rurales mucho m\u00e1s r\u00e1pido y de manera m\u00e1s eficiente&quot;.La entrega de veh\u00edculos fue realizada en la sede del Comando de Prevenci\u00f3n Rural (C.P.R.) de Mar del Plata, ubicado en Ruta 226 km 14,5,\u00a0 Laguna de Los Padres,\u00a0 partido de General Pueyrred\u00f3n, donde estuvieron presentes el jefe de la Polic\u00eda de la provincia de Buenos Aires, comisario general Fabi\u00e1n Perroni, autoridades ministeriales y policiales.<\/p>\n<p>Recorrida por la zona comercial de calle G\u00fcemes<br \/>Finalmente, el ministro de Seguridad provincial, en compa\u00f1\u00eda del candidato a intendente por Juntos por el Cambio, Guillermo Montenegro, recorri\u00f3 la calle G\u00fcemes donde dialog\u00f3 con comerciantes y vecinos.\u200b<\/p>\n<p>Fotos: Ministerio de Seguridad de la Provincia de Buenos Aires<\/p>\n","protected":false},"excerpt":{"rendered":"<p>El ministro de Seguridad de la provincia de Buenos Aires, Cristian Ritondo, entreg\u00f3 16 m\u00f3viles policiales para diferentes dependencias de la Polic\u00eda e inaugur\u00f3 la nueva sede del Comando de Patrulla Rural en Mar del Plata, con el objetivo de reforzar los trabajos de prevenci\u00f3n en esa ciudad balnearia.&quot;El incremento de la flota de veh\u00edculos [&hellip;]<\/p>\n","protected":false},"author":1,"featured_media":5378,"comment_status":"open","ping_status":"open","sticky":false,"template":"","format":"standard","meta":{"_et_pb_use_builder":"","_et_pb_old_content":"","_et_gb_content_width":"","footnotes":""},"categories":[34,13],"tags":[],"class_list":["post-5377","post","type-post","status-publish","format-standard","has-post-thumbnail","hentry","category-politica","category-provincia"],"_links":{"self":[{"href":"https:\/\/vocesdebaires.com.ar\/index.php\/wp-json\/wp\/v2\/posts\/5377"}],"collection":[{"href":"https:\/\/vocesdebaires.com.ar\/index.php\/wp-json\/wp\/v2\/posts"}],"about":[{"href":"https:\/\/vocesdebaires.com.ar\/index.php\/wp-json\/wp\/v2\/types\/post"}],"author":[{"embeddable":true,"href":"https:\/\/vocesdebaires.com.ar\/index.php\/wp-json\/wp\/v2\/users\/1"}],"replies":[{"embeddable":true,"href":"https:\/\/vocesdebaires.com.ar\/index.php\/wp-json\/wp\/v2\/comments?post=5377"}],"version-history":[{"count":0,"href":"https:\/\/vocesdebaires.com.ar\/index.php\/wp-json\/wp\/v2\/posts\/5377\/revisions"}],"wp:featuredmedia":[{"embeddable":true,"href":"https:\/\/vocesdebaires.com.ar\/index.php\/wp-json\/wp\/v2\/media\/5378"}],"wp:attachment":[{"href":"https:\/\/vocesdebaires.com.ar\/index.php\/wp-json\/wp\/v2\/media?parent=5377"}],"wp:term":[{"taxonomy":"category","embeddable":true,"href":"https:\/\/vocesdebaires.com.ar\/index.php\/wp-json\/wp\/v2\/categories?post=5377"},{"taxonomy":"post_tag","embeddable":true,"href":"https:\/\/vocesdebaires.com.ar\/index.php\/wp-json\/wp\/v2\/tags?post=5377"}],"curies":[{"name":"wp","href":"https:\/\/api.w.org\/{rel}","templated":true}]}}