{"id":5389,"date":"2019-09-25T03:00:00","date_gmt":"2019-09-25T06:00:00","guid":{"rendered":"http:\/\/vocesdebaires.com.ar\/wordpress\/index.php\/2019\/09\/25\/vidal-visito-el-partido-de-san-nicolas\/"},"modified":"2019-09-25T03:00:00","modified_gmt":"2019-09-25T06:00:00","slug":"vidal-visito-el-partido-de-san-nicolas","status":"publish","type":"post","link":"https:\/\/vocesdebaires.com.ar\/index.php\/2019\/09\/25\/vidal-visito-el-partido-de-san-nicolas\/","title":{"rendered":"Vidal: Visito el partido de San Nicolas"},"content":{"rendered":"<p>La gobernadora de la Provincia de Buenos Aires, Mar\u00eda Eugenia Vidal, expres\u00f3\u00a0 ayer que \u201cescuchar y estar cerca de la gente siempre ayuda a gobernar mejor&quot; durante una recorrida por el partido bonaerense de San Nicol\u00e1s, que incluy\u00f3 visitas a la guardia \u2014recientemente inaugurada\u2014 del Hospital Interzonal General de Agudos \u201cSan Felipe\u201d y al Santuario Nuestra Se\u00f1ora del Rosario de San Nicol\u00e1s como tambi\u00e9n una caminata por el centro comercial donde dialog\u00f3 con vecinos. Acompa\u00f1ada por la ministra de Salud y Desarrollo Social de la Naci\u00f3n, Carolina Stanley; y el intendente local, Manuel Passaglia; la mandataria visit\u00f3 el Santuario en el marco de la fiesta patronal que se llevar\u00e1 a cabo ma\u00f1ana.<\/p>\n<p>A continuaci\u00f3n, Vidal recorri\u00f3 la nueva guardia del hospital que demand\u00f3 una inversi\u00f3n de la Provincia de $70 millones. Las mejoras fueron parte del Plan Integral de Guardias que, gracias a una inversi\u00f3n del gobierno bonaerense de $3000 millones, en 2019 alcanzar\u00e1 a 58 hospitales provinciales.De la recorrida, adem\u00e1s de Stanley y Passaglia, tambi\u00e9n participaron el ministro de Salud bonaerense, Andr\u00e9s Scarsi; el secretario de Medios de la provincia, Mariano Mohadeb; el subsecretario de Asuntos Municipales bonaerense, Alex Campbell; el director Provincial de Regi\u00f3n Interior del Ministerio de Gobierno, Owen Fern\u00e1ndez; y los senadores provinciales, Elisa Carca y Marcelo Dileo.<\/p>\n<p>Las obras, a cargo del Ministerio de Infraestructura y Servicios P\u00fablicos bonaerense, comenzaron en enero de 2018 y finalizaron el 15 de septiembre de este a\u00f1o. Las nuevas instalaciones permitieron la implementaci\u00f3n del Sistema Triage \u2014que prioriza los casos de gravedad y reduce demoras en la atenci\u00f3n\u2014 e incluyen: ec\u00f3grafo; electrocardi\u00f3grafo; equipo de rayos x port\u00e1til; respiradores; monitores multiparam\u00e9tricos; etc., con el objetivo de optimizar la atenci\u00f3n en un centro de salud que recibe m\u00e1s de 155 mil consultas anuales.Posteriormente, la gobernadora camin\u00f3 por el centro comercial local y dialog\u00f3 con los vecinos.<\/p>\n","protected":false},"excerpt":{"rendered":"<p>La gobernadora de la Provincia de Buenos Aires, Mar\u00eda Eugenia Vidal, expres\u00f3\u00a0 ayer que \u201cescuchar y estar cerca de la gente siempre ayuda a gobernar mejor&quot; durante una recorrida por el partido bonaerense de San Nicol\u00e1s, que incluy\u00f3 visitas a la guardia \u2014recientemente inaugurada\u2014 del Hospital Interzonal General de Agudos \u201cSan Felipe\u201d y al Santuario [&hellip;]<\/p>\n","protected":false},"author":1,"featured_media":5390,"comment_status":"open","ping_status":"open","sticky":false,"template":"","format":"standard","meta":{"_et_pb_use_builder":"","_et_pb_old_content":"","_et_gb_content_width":"","footnotes":""},"categories":[35,13],"tags":[],"class_list":["post-5389","post","type-post","status-publish","format-standard","has-post-thumbnail","hentry","category-gobierno","category-provincia"],"_links":{"self":[{"href":"https:\/\/vocesdebaires.com.ar\/index.php\/wp-json\/wp\/v2\/posts\/5389"}],"collection":[{"href":"https:\/\/vocesdebaires.com.ar\/index.php\/wp-json\/wp\/v2\/posts"}],"about":[{"href":"https:\/\/vocesdebaires.com.ar\/index.php\/wp-json\/wp\/v2\/types\/post"}],"author":[{"embeddable":true,"href":"https:\/\/vocesdebaires.com.ar\/index.php\/wp-json\/wp\/v2\/users\/1"}],"replies":[{"embeddable":true,"href":"https:\/\/vocesdebaires.com.ar\/index.php\/wp-json\/wp\/v2\/comments?post=5389"}],"version-history":[{"count":0,"href":"https:\/\/vocesdebaires.com.ar\/index.php\/wp-json\/wp\/v2\/posts\/5389\/revisions"}],"wp:featuredmedia":[{"embeddable":true,"href":"https:\/\/vocesdebaires.com.ar\/index.php\/wp-json\/wp\/v2\/media\/5390"}],"wp:attachment":[{"href":"https:\/\/vocesdebaires.com.ar\/index.php\/wp-json\/wp\/v2\/media?parent=5389"}],"wp:term":[{"taxonomy":"category","embeddable":true,"href":"https:\/\/vocesdebaires.com.ar\/index.php\/wp-json\/wp\/v2\/categories?post=5389"},{"taxonomy":"post_tag","embeddable":true,"href":"https:\/\/vocesdebaires.com.ar\/index.php\/wp-json\/wp\/v2\/tags?post=5389"}],"curies":[{"name":"wp","href":"https:\/\/api.w.org\/{rel}","templated":true}]}}