{"id":5395,"date":"2019-09-24T04:05:04","date_gmt":"2019-09-24T07:05:04","guid":{"rendered":"http:\/\/vocesdebaires.com.ar\/wordpress\/index.php\/2019\/09\/24\/legislatura-distinguen-al-fondo-simon-wiesenthal\/"},"modified":"2019-09-24T04:05:04","modified_gmt":"2019-09-24T07:05:04","slug":"legislatura-distinguen-al-fondo-simon-wiesenthal","status":"publish","type":"post","link":"https:\/\/vocesdebaires.com.ar\/index.php\/2019\/09\/24\/legislatura-distinguen-al-fondo-simon-wiesenthal\/","title":{"rendered":"Legislatura: Distinguen al Fondo Simon Wiesenthal"},"content":{"rendered":"<p>En el Sal\u00f3n San Mart\u00edn de la Legislatura porte\u00f1a se llev\u00f3 a cabo\u00a0 ayer lunes el acto de declaraci\u00f3n de Inter\u00e9s para la Defensa y Promoci\u00f3n de los Derechos Humanos al Fondo Simon Wiesenthal sobre antisemitismo y holocausto, el primer archivo p\u00fablico de textos sobre la Sho\u00e1 en el pa\u00eds, que se inaugur\u00f3 este a\u00f1o en la Biblioteca Nacional Mariano Moreno.El acto fue encabezado por el autor de la iniciativa del legislador Gast\u00f3n Blanchetiere (Confianza P\u00fablica\/Vamos Juntos) y cont\u00f3 con la presencia del representante del centro Sim\u00f3n Wiesenthal en Latinoam\u00e9rica, Ariel Gelblung; la Directora de la Biblioteca Nacional, Elsa Berber; la diputada nacional Graciela Oca\u00f1a; el embajador de Reino Unido en Argentina, Mark Kent, funcionarios y legisladores porte\u00f1os. &quot;No hay nada m\u00e1s importante que mantener viva la memoria y es a lo que apunta este Fondo&quot;, destac\u00f3 Blanchetiere, acompa\u00f1ado por el Dr. Gelblung y la Lic. Barber. El acto culmin\u00f3 con la presentaci\u00f3n de los tres vol\u00famenes del trabajo \u201cLos otros juicios de N\u00fcremberg\u201d, del Dr. Alberto Zuppi., que cont\u00f3 con los comentarios del embajador Mark Kent, el Dr. Gelblung y la Dra. Andrea Gualde, Presidente regional del Auschwitz Institute.<\/p>\n","protected":false},"excerpt":{"rendered":"<p>En el Sal\u00f3n San Mart\u00edn de la Legislatura porte\u00f1a se llev\u00f3 a cabo\u00a0 ayer lunes el acto de declaraci\u00f3n de Inter\u00e9s para la Defensa y Promoci\u00f3n de los Derechos Humanos al Fondo Simon Wiesenthal sobre antisemitismo y holocausto, el primer archivo p\u00fablico de textos sobre la Sho\u00e1 en el pa\u00eds, que se inaugur\u00f3 este a\u00f1o [&hellip;]<\/p>\n","protected":false},"author":1,"featured_media":5396,"comment_status":"open","ping_status":"open","sticky":false,"template":"","format":"standard","meta":{"_et_pb_use_builder":"","_et_pb_old_content":"","_et_gb_content_width":"","footnotes":""},"categories":[11,33],"tags":[],"class_list":["post-5395","post","type-post","status-publish","format-standard","has-post-thumbnail","hentry","category-ciudad","category-sociedad-y-cultura-2"],"_links":{"self":[{"href":"https:\/\/vocesdebaires.com.ar\/index.php\/wp-json\/wp\/v2\/posts\/5395"}],"collection":[{"href":"https:\/\/vocesdebaires.com.ar\/index.php\/wp-json\/wp\/v2\/posts"}],"about":[{"href":"https:\/\/vocesdebaires.com.ar\/index.php\/wp-json\/wp\/v2\/types\/post"}],"author":[{"embeddable":true,"href":"https:\/\/vocesdebaires.com.ar\/index.php\/wp-json\/wp\/v2\/users\/1"}],"replies":[{"embeddable":true,"href":"https:\/\/vocesdebaires.com.ar\/index.php\/wp-json\/wp\/v2\/comments?post=5395"}],"version-history":[{"count":0,"href":"https:\/\/vocesdebaires.com.ar\/index.php\/wp-json\/wp\/v2\/posts\/5395\/revisions"}],"wp:featuredmedia":[{"embeddable":true,"href":"https:\/\/vocesdebaires.com.ar\/index.php\/wp-json\/wp\/v2\/media\/5396"}],"wp:attachment":[{"href":"https:\/\/vocesdebaires.com.ar\/index.php\/wp-json\/wp\/v2\/media?parent=5395"}],"wp:term":[{"taxonomy":"category","embeddable":true,"href":"https:\/\/vocesdebaires.com.ar\/index.php\/wp-json\/wp\/v2\/categories?post=5395"},{"taxonomy":"post_tag","embeddable":true,"href":"https:\/\/vocesdebaires.com.ar\/index.php\/wp-json\/wp\/v2\/tags?post=5395"}],"curies":[{"name":"wp","href":"https:\/\/api.w.org\/{rel}","templated":true}]}}