{"id":5405,"date":"2019-09-24T03:38:48","date_gmt":"2019-09-24T06:38:48","guid":{"rendered":"http:\/\/vocesdebaires.com.ar\/wordpress\/index.php\/2019\/09\/24\/flores-detuvieron-a-un-roba-bicis\/"},"modified":"2019-09-24T03:38:48","modified_gmt":"2019-09-24T06:38:48","slug":"flores-detuvieron-a-un-roba-bicis","status":"publish","type":"post","link":"https:\/\/vocesdebaires.com.ar\/index.php\/2019\/09\/24\/flores-detuvieron-a-un-roba-bicis\/","title":{"rendered":"Flores: Detuvieron a un \u201croba bicis\u201d"},"content":{"rendered":"<p>La Polic\u00eda de la Ciudad detuvo a un delincuente, quien hab\u00eda robado una bicicleta de un estacionamiento de un edificio en Caballito, para luego venderla por Internet. Los efectivos iniciaron una investigaci\u00f3n por la que se pact\u00f3 una compra controlada en la que finalmente se logr\u00f3 detener al delincuente en la Plaza Flores.<\/p>\n<p>A ra\u00edz de la denuncia de un vecino, quien fue testigo del robo de la bicicleta en Malvinas Argentinas al 200, personal de la Divisi\u00f3n Sumarios y Brigada de la Comuna 6 inici\u00f3 una investigaci\u00f3n que determin\u00f3 que el rodado en cuesti\u00f3n estaba siendo comercializado en Internet. De esta manera, y con la autorizaci\u00f3n del Juzgado Criminal y Correccional N\u00ba 57 a cargo del Dr. Ghirlanda, se pact\u00f3 una compra con el vendedor, y el punto elegido para llevar a cabo la transacci\u00f3n fue la Plaza Flores.<\/p>\n<p>El delincuente concurri\u00f3 al lugar y al momento de concretarse la venta los polic\u00edas lograron detenerlo; adem\u00e1s se recuper\u00f3 la bicicleta, que fue devuelta a su due\u00f1o. Por orden del juzgado interventor, el delincuente, un ciudadano boliviano de 22 a\u00f1os, fue trasladado a la alcaid\u00eda de la Comisar\u00eda Comunal 6 de la Polic\u00eda de la Ciudad. <a><\/a><\/p>\n","protected":false},"excerpt":{"rendered":"<p>La Polic\u00eda de la Ciudad detuvo a un delincuente, quien hab\u00eda robado una bicicleta de un estacionamiento de un edificio en Caballito, para luego venderla por Internet. Los efectivos iniciaron una investigaci\u00f3n por la que se pact\u00f3 una compra controlada en la que finalmente se logr\u00f3 detener al delincuente en la Plaza Flores. A ra\u00edz [&hellip;]<\/p>\n","protected":false},"author":1,"featured_media":5406,"comment_status":"open","ping_status":"open","sticky":false,"template":"","format":"standard","meta":{"_et_pb_use_builder":"","_et_pb_old_content":"","_et_gb_content_width":"","footnotes":""},"categories":[11,32],"tags":[],"class_list":["post-5405","post","type-post","status-publish","format-standard","has-post-thumbnail","hentry","category-ciudad","category-comunas"],"_links":{"self":[{"href":"https:\/\/vocesdebaires.com.ar\/index.php\/wp-json\/wp\/v2\/posts\/5405"}],"collection":[{"href":"https:\/\/vocesdebaires.com.ar\/index.php\/wp-json\/wp\/v2\/posts"}],"about":[{"href":"https:\/\/vocesdebaires.com.ar\/index.php\/wp-json\/wp\/v2\/types\/post"}],"author":[{"embeddable":true,"href":"https:\/\/vocesdebaires.com.ar\/index.php\/wp-json\/wp\/v2\/users\/1"}],"replies":[{"embeddable":true,"href":"https:\/\/vocesdebaires.com.ar\/index.php\/wp-json\/wp\/v2\/comments?post=5405"}],"version-history":[{"count":0,"href":"https:\/\/vocesdebaires.com.ar\/index.php\/wp-json\/wp\/v2\/posts\/5405\/revisions"}],"wp:featuredmedia":[{"embeddable":true,"href":"https:\/\/vocesdebaires.com.ar\/index.php\/wp-json\/wp\/v2\/media\/5406"}],"wp:attachment":[{"href":"https:\/\/vocesdebaires.com.ar\/index.php\/wp-json\/wp\/v2\/media?parent=5405"}],"wp:term":[{"taxonomy":"category","embeddable":true,"href":"https:\/\/vocesdebaires.com.ar\/index.php\/wp-json\/wp\/v2\/categories?post=5405"},{"taxonomy":"post_tag","embeddable":true,"href":"https:\/\/vocesdebaires.com.ar\/index.php\/wp-json\/wp\/v2\/tags?post=5405"}],"curies":[{"name":"wp","href":"https:\/\/api.w.org\/{rel}","templated":true}]}}