{"id":5409,"date":"2019-09-23T03:00:00","date_gmt":"2019-09-23T06:00:00","guid":{"rendered":"http:\/\/vocesdebaires.com.ar\/wordpress\/index.php\/2019\/09\/23\/palermo-una-construccion-declarada-ilegal\/"},"modified":"2019-09-23T03:00:00","modified_gmt":"2019-09-23T06:00:00","slug":"palermo-una-construccion-declarada-ilegal","status":"publish","type":"post","link":"https:\/\/vocesdebaires.com.ar\/index.php\/2019\/09\/23\/palermo-una-construccion-declarada-ilegal\/","title":{"rendered":"Palermo: una construcci\u00f3n declarada ilegal"},"content":{"rendered":"<p>Se trata de una obra frente a Plaza Armenia. La justicia dispuso privarlos de la propiedad del excedente ilegal, que esas unidades funcionales se subasten y que el dinero obtenido sirva para financiar la adquisici\u00f3n de equipamientos en los hospitales p\u00fablicos porte\u00f1os. El titular del Juzgado N\u00b02 en lo Contencioso Administrativo y Tributario, Andr\u00e9s Gallardo, rechaz\u00f3 las presentaciones de Fideicomiso Armenia 1850 con respecto a su proyecto de obra y levant\u00f3 las inhibiciones que imped\u00edan su finalizaci\u00f3n. Adem\u00e1s orden\u00f3 que en el plazo de 5 d\u00edas individualice 4 unidades funcionales del inmueble, que en su conjunto totalicen una superficie cubierta de entre 240 y 288 m2. Todo ello en el marco de la causa Paz, Enrique Antonio contra GCBA sobre amparo (Art. 14 CCABA). Al decidir definitivamente, entendi\u00f3 que la obra ubicada en Armenia 1850 es ilegal en tanto se construyeron entre 240 m2 y 288 m2 en exceso del Factor de Ocupaci\u00f3n Total (FOT) permitido en el C\u00f3digo de Planeamiento Urbano.<\/p>\n<p>La Sala III de la C\u00e1mara de Apelaciones con el voto de los jueces Esteban Centanaro y Hugo Zuleta, y la disidencia de su colega Gabriela Seijas resolvi\u00f3 el pasado 15 de febrero confirmar la sentencia en lo que refiere a la ilegalidad de la obra y revoc\u00f3 la orden de demolici\u00f3n. En concreto, reconoci\u00f3 que \u00abla obra es ilegal, en tanto tiene una superficie construida en exceso de entre 288 y 240 m2, conforme lo dictaminado oportunamente por el perito arquitecto. Por tanto, lo dispuesto no implic\u00f3 descartar la demolici\u00f3n ni ninguna otra medida tendiente a la regularizaci\u00f3n de la obra del panorama de medidas posibles a proponer por la autoridad administrativa. Sin embargo, el Gobierno de la Ciudad de Buenos Aires no ha realizado ninguna propuesta concreta al respecto, indic\u00f3.<\/p>\n<p>El magistrado tuvo en cuenta que el destino del inmueble construido es su comercializaci\u00f3n, y al respecto se\u00f1al\u00f3 que resultar\u00eda improcedente que su titular se beneficie econ\u00f3micamente de lo generado ilegalmente. Admitir lo contrario, implicar\u00eda tanto como legitimar la \u2018rentabilidad\u2019 de un acto il\u00edcito y consecuentemente reconocer a la antijuridicidad como fuente de derechos.Por \u00faltimo, Gallardo asegur\u00f3 que \u00abesta resoluci\u00f3n concluye el juicio por el cual los actores, obtuvieron una sentencia favorable en referencia a la declaraci\u00f3n de ilegalidad pretendida pero no han visto mermado los perjuicios generados por \u00e9sta invocados en la demanda: violaci\u00f3n al derecho a la privacidad, reducci\u00f3n de la iluminaci\u00f3n en sus hogares, desvalorizaci\u00f3n econ\u00f3mica de sus viviendas, da\u00f1os ambientales.<\/p>\n","protected":false},"excerpt":{"rendered":"<p>Se trata de una obra frente a Plaza Armenia. La justicia dispuso privarlos de la propiedad del excedente ilegal, que esas unidades funcionales se subasten y que el dinero obtenido sirva para financiar la adquisici\u00f3n de equipamientos en los hospitales p\u00fablicos porte\u00f1os. El titular del Juzgado N\u00b02 en lo Contencioso Administrativo y Tributario, Andr\u00e9s Gallardo, [&hellip;]<\/p>\n","protected":false},"author":1,"featured_media":5410,"comment_status":"open","ping_status":"open","sticky":false,"template":"","format":"standard","meta":{"_et_pb_use_builder":"","_et_pb_old_content":"","_et_gb_content_width":"","footnotes":""},"categories":[11,32],"tags":[],"class_list":["post-5409","post","type-post","status-publish","format-standard","has-post-thumbnail","hentry","category-ciudad","category-comunas"],"_links":{"self":[{"href":"https:\/\/vocesdebaires.com.ar\/index.php\/wp-json\/wp\/v2\/posts\/5409"}],"collection":[{"href":"https:\/\/vocesdebaires.com.ar\/index.php\/wp-json\/wp\/v2\/posts"}],"about":[{"href":"https:\/\/vocesdebaires.com.ar\/index.php\/wp-json\/wp\/v2\/types\/post"}],"author":[{"embeddable":true,"href":"https:\/\/vocesdebaires.com.ar\/index.php\/wp-json\/wp\/v2\/users\/1"}],"replies":[{"embeddable":true,"href":"https:\/\/vocesdebaires.com.ar\/index.php\/wp-json\/wp\/v2\/comments?post=5409"}],"version-history":[{"count":0,"href":"https:\/\/vocesdebaires.com.ar\/index.php\/wp-json\/wp\/v2\/posts\/5409\/revisions"}],"wp:featuredmedia":[{"embeddable":true,"href":"https:\/\/vocesdebaires.com.ar\/index.php\/wp-json\/wp\/v2\/media\/5410"}],"wp:attachment":[{"href":"https:\/\/vocesdebaires.com.ar\/index.php\/wp-json\/wp\/v2\/media?parent=5409"}],"wp:term":[{"taxonomy":"category","embeddable":true,"href":"https:\/\/vocesdebaires.com.ar\/index.php\/wp-json\/wp\/v2\/categories?post=5409"},{"taxonomy":"post_tag","embeddable":true,"href":"https:\/\/vocesdebaires.com.ar\/index.php\/wp-json\/wp\/v2\/tags?post=5409"}],"curies":[{"name":"wp","href":"https:\/\/api.w.org\/{rel}","templated":true}]}}