{"id":5421,"date":"2019-09-23T03:00:00","date_gmt":"2019-09-23T06:00:00","guid":{"rendered":"http:\/\/vocesdebaires.com.ar\/wordpress\/index.php\/2019\/09\/23\/recalde-el-rechazo-a-la-emergencia-alimentaria\/"},"modified":"2019-09-23T03:00:00","modified_gmt":"2019-09-23T06:00:00","slug":"recalde-el-rechazo-a-la-emergencia-alimentaria","status":"publish","type":"post","link":"https:\/\/vocesdebaires.com.ar\/index.php\/2019\/09\/23\/recalde-el-rechazo-a-la-emergencia-alimentaria\/","title":{"rendered":"Recalde: El rechazo a la emergencia alimentaria"},"content":{"rendered":"<p>En la sesi\u00f3n del pasado jueves\u00a0\u00a0 en la Legislatura Porte\u00f1a, el bloque Unidad Ciudadana solicit\u00f3 declarar la emergencia alimentaria en la Ciudad de Buenos Aires, pero el oficialismo rechaz\u00f3 el pedido. En ese marco, el presidente del bloque, Mariano Recalde, expres\u00f3: &quot;Es inentendible que el macrismo haya aprobado la emergencia alimentaria a nivel nacional y no quiera hacerlo en la Ciudad. Los porte\u00f1os no vivimos en una isla, la crisis impact\u00f3 fuertemente ac\u00e1: hay m\u00e1s de 600 mil pobres, 200 mil indigentes, cientos de comercios cerrados y cada vez m\u00e1s personas en situaci\u00f3n de calle&quot;.<\/p>\n<p>Luego, Recalde record\u00f3 que &quot;el Gobierno de Larreta gasta en publicidad y propaganda m\u00e1s de $1500 millones mientras que a la asistencia Integral a los sin techo destina apenas $287 millones, y destina el mismo presupuesto en reemplazar veredas que en los comedores comunitarios&quot;. &quot;Horacio Rodr\u00edguez Larreta no solo form\u00f3 parte de todas las decisiones que llevaron a esta situaci\u00f3n econ\u00f3mica, sino que ahora niega las consecuencias de esas pol\u00edticas y no hace nada para acompa\u00f1ar a los miles que la est\u00e1n pasando mal. Lo que planteamos hoy es que haya una reevaluaci\u00f3n de las prioridades del gasto. En el marco de la realidad que estamos viviendo, lo m\u00e1s importante es asegurar un derecho b\u00e1sico como es la alimentaci\u00f3n&quot;, concluy\u00f3 el legislador. El pedido de declarar la emergencia alimentaria recibi\u00f3 37 votos negativos, 16 afirmativos y 2 abstenciones.<\/p>\n","protected":false},"excerpt":{"rendered":"<p>En la sesi\u00f3n del pasado jueves\u00a0\u00a0 en la Legislatura Porte\u00f1a, el bloque Unidad Ciudadana solicit\u00f3 declarar la emergencia alimentaria en la Ciudad de Buenos Aires, pero el oficialismo rechaz\u00f3 el pedido. En ese marco, el presidente del bloque, Mariano Recalde, expres\u00f3: &quot;Es inentendible que el macrismo haya aprobado la emergencia alimentaria a nivel nacional y [&hellip;]<\/p>\n","protected":false},"author":1,"featured_media":5422,"comment_status":"open","ping_status":"open","sticky":false,"template":"","format":"standard","meta":{"_et_pb_use_builder":"","_et_pb_old_content":"","_et_gb_content_width":"","footnotes":""},"categories":[11,33],"tags":[],"class_list":["post-5421","post","type-post","status-publish","format-standard","has-post-thumbnail","hentry","category-ciudad","category-sociedad-y-cultura-2"],"_links":{"self":[{"href":"https:\/\/vocesdebaires.com.ar\/index.php\/wp-json\/wp\/v2\/posts\/5421"}],"collection":[{"href":"https:\/\/vocesdebaires.com.ar\/index.php\/wp-json\/wp\/v2\/posts"}],"about":[{"href":"https:\/\/vocesdebaires.com.ar\/index.php\/wp-json\/wp\/v2\/types\/post"}],"author":[{"embeddable":true,"href":"https:\/\/vocesdebaires.com.ar\/index.php\/wp-json\/wp\/v2\/users\/1"}],"replies":[{"embeddable":true,"href":"https:\/\/vocesdebaires.com.ar\/index.php\/wp-json\/wp\/v2\/comments?post=5421"}],"version-history":[{"count":0,"href":"https:\/\/vocesdebaires.com.ar\/index.php\/wp-json\/wp\/v2\/posts\/5421\/revisions"}],"wp:featuredmedia":[{"embeddable":true,"href":"https:\/\/vocesdebaires.com.ar\/index.php\/wp-json\/wp\/v2\/media\/5422"}],"wp:attachment":[{"href":"https:\/\/vocesdebaires.com.ar\/index.php\/wp-json\/wp\/v2\/media?parent=5421"}],"wp:term":[{"taxonomy":"category","embeddable":true,"href":"https:\/\/vocesdebaires.com.ar\/index.php\/wp-json\/wp\/v2\/categories?post=5421"},{"taxonomy":"post_tag","embeddable":true,"href":"https:\/\/vocesdebaires.com.ar\/index.php\/wp-json\/wp\/v2\/tags?post=5421"}],"curies":[{"name":"wp","href":"https:\/\/api.w.org\/{rel}","templated":true}]}}