{"id":5433,"date":"2019-09-20T03:00:00","date_gmt":"2019-09-20T06:00:00","guid":{"rendered":"http:\/\/vocesdebaires.com.ar\/wordpress\/index.php\/2019\/09\/20\/ciudad-a-celebrar-el-dia-de-la-primavera\/"},"modified":"2019-09-20T03:00:00","modified_gmt":"2019-09-20T06:00:00","slug":"ciudad-a-celebrar-el-dia-de-la-primavera","status":"publish","type":"post","link":"https:\/\/vocesdebaires.com.ar\/index.php\/2019\/09\/20\/ciudad-a-celebrar-el-dia-de-la-primavera\/","title":{"rendered":"Ciudad: A celebrar el d\u00eda de la primavera"},"content":{"rendered":"<p>El Ministerio de Ambiente y Espacio P\u00fablico de la Ciudad invita a festejar el d\u00eda de la primavera\u00a0 ma\u00f1ana s\u00e1bado 21 de septiembre de 10 a 18 h en el Parque Indoamericano. El evento se suspende por lluvia y, en tal caso, ser\u00e1 reprogramado para el s\u00e1bado 28 de septiembre. \u201cQueremos que todos los vecinos puedan disfrutar este d\u00eda en el espacio p\u00fablico, que es de todos. Por eso ofrecemos un mont\u00f3n de actividades gratuitas dirigidas a j\u00f3venes y familias para que puedan festejar al aire libre\u201d, expres\u00f3 Eduardo Macchiavelli ministro de Ambiente y Espacio P\u00fablico porte\u00f1o.<\/p>\n<p>Los vecinos que se acerquen podr\u00e1n disfrutar de una plaza seca con talleres de dibujo y de pinta caritas; el Simulador de planta de reciclaje; juegos interactivos de pantalla LED; carrito para sampling de semillas; juegos y actividades relacionadas con el reciclado; talleres de huertas urbanas y compostaje; artistas itinerantes, mimos, malabaristas; un patio gastron\u00f3mico con foodtrucks; y clases de Hip Hop.Adem\u00e1s, se montar\u00e1 un escenario que comunicar\u00e1 el concepto de la naturaleza: el fondo del mismo ser\u00e1 un gran marco verde con plantas que dejar\u00e1 en claro la importancia de lo verde en la vida cotidiana.<\/p>\n<p>A su vez, contar\u00e1 con un sistema de energ\u00eda sustentable: ser\u00e1 alimentado parcialmente por una l\u00ednea de bicicletas para la generaci\u00f3n de energ\u00eda a pedal, con el fin de promover mensajes sobre reducci\u00f3n de consumo energ\u00e9tico y huella de carbono.  El p\u00fablico que quiera podr\u00e1 participar pedaleando y generando esa energ\u00eda.Entre los espect\u00e1culos que habr\u00e1 durante la jornada se presentar\u00e1n en vivo: a las 12h el show familiar de \u201cTito y Coloso\u201d; a las 13 hs show infantil de \u201cLibroyasos\u201d; a las 14h otro show infantil de la mano de \u201cDesenchufados\u201d; a las 15 hs ser\u00e1 el \u00faltimo show familiar encabezado por \u201cLes Ivans\u201d. Los espect\u00e1culos concluir\u00e1n con dos shows de trap: a las 16h \u201cDakilah\u201d, y a las 17 hs \u201cEcko\u201d.<\/p>\n<p>Por otro lado, tambi\u00e9n durante el evento se llevar\u00e1 a cabo el cierre del concurso \u201cSum\u00e1 Verde\u201d: un proyecto de concientizaci\u00f3n que realiza el Ministerio de Ambiente y Espacio P\u00fablico de la Ciudad junto al Ministerio de Educaci\u00f3n y Escuelas verdes.\u00a0 Sum\u00e1 Verde est\u00e1 destinado a los alumnos de 4to. A\u00f1o de todas las escuelas secundarias de gesti\u00f3n Estatal y Privada de la ciudad y tiene como objetivo promover conciencia sobre la separaci\u00f3n de residuos, el desarrollo de campa\u00f1as de sensibilizaci\u00f3n comunitaria desde la escuela y el correcto uso de los diferentes Puntos Verdes de la Ciudad, complementando lo aprendido en la escuela sobre gesti\u00f3n integral de los residuos y el consumo responsable.<\/p>\n","protected":false},"excerpt":{"rendered":"<p>El Ministerio de Ambiente y Espacio P\u00fablico de la Ciudad invita a festejar el d\u00eda de la primavera\u00a0 ma\u00f1ana s\u00e1bado 21 de septiembre de 10 a 18 h en el Parque Indoamericano. El evento se suspende por lluvia y, en tal caso, ser\u00e1 reprogramado para el s\u00e1bado 28 de septiembre. \u201cQueremos que todos los vecinos [&hellip;]<\/p>\n","protected":false},"author":1,"featured_media":5434,"comment_status":"open","ping_status":"open","sticky":false,"template":"","format":"standard","meta":{"_et_pb_use_builder":"","_et_pb_old_content":"","_et_gb_content_width":"","footnotes":""},"categories":[11,32],"tags":[],"class_list":["post-5433","post","type-post","status-publish","format-standard","has-post-thumbnail","hentry","category-ciudad","category-comunas"],"_links":{"self":[{"href":"https:\/\/vocesdebaires.com.ar\/index.php\/wp-json\/wp\/v2\/posts\/5433"}],"collection":[{"href":"https:\/\/vocesdebaires.com.ar\/index.php\/wp-json\/wp\/v2\/posts"}],"about":[{"href":"https:\/\/vocesdebaires.com.ar\/index.php\/wp-json\/wp\/v2\/types\/post"}],"author":[{"embeddable":true,"href":"https:\/\/vocesdebaires.com.ar\/index.php\/wp-json\/wp\/v2\/users\/1"}],"replies":[{"embeddable":true,"href":"https:\/\/vocesdebaires.com.ar\/index.php\/wp-json\/wp\/v2\/comments?post=5433"}],"version-history":[{"count":0,"href":"https:\/\/vocesdebaires.com.ar\/index.php\/wp-json\/wp\/v2\/posts\/5433\/revisions"}],"wp:featuredmedia":[{"embeddable":true,"href":"https:\/\/vocesdebaires.com.ar\/index.php\/wp-json\/wp\/v2\/media\/5434"}],"wp:attachment":[{"href":"https:\/\/vocesdebaires.com.ar\/index.php\/wp-json\/wp\/v2\/media?parent=5433"}],"wp:term":[{"taxonomy":"category","embeddable":true,"href":"https:\/\/vocesdebaires.com.ar\/index.php\/wp-json\/wp\/v2\/categories?post=5433"},{"taxonomy":"post_tag","embeddable":true,"href":"https:\/\/vocesdebaires.com.ar\/index.php\/wp-json\/wp\/v2\/tags?post=5433"}],"curies":[{"name":"wp","href":"https:\/\/api.w.org\/{rel}","templated":true}]}}