{"id":5439,"date":"2019-09-20T03:00:00","date_gmt":"2019-09-20T06:00:00","guid":{"rendered":"http:\/\/vocesdebaires.com.ar\/wordpress\/index.php\/2019\/09\/20\/ritondo-entrego-200-patrulleros-a-la-bonaerense\/"},"modified":"2019-09-20T03:00:00","modified_gmt":"2019-09-20T06:00:00","slug":"ritondo-entrego-200-patrulleros-a-la-bonaerense","status":"publish","type":"post","link":"https:\/\/vocesdebaires.com.ar\/index.php\/2019\/09\/20\/ritondo-entrego-200-patrulleros-a-la-bonaerense\/","title":{"rendered":"Ritondo entreg\u00f3 200 patrulleros a la bonaerense"},"content":{"rendered":"<p>El ministro de Seguridad de la provincia de Buenos Aires, Cristian Ritondo, entreg\u00f3\u00a0 ayer durante una ceremonia realizada en la Escuela \u201cJuan Vucetich\u201d, 200 patrulleros que ser\u00e1n destinados a diferentes dependencias de la Polic\u00eda de la provincia de Buenos.Durante el acto, el funcionario del Gabinete de la gobernadora Mar\u00eda Eugenia Vidal destac\u00f3: \u201cme siento orgulloso del trabajo que hicimos durante nuestra gesti\u00f3n. Dotar a la Fuerza de m\u00f3viles y otros equipamientos tambi\u00e9n es cuidarlos porque es cuidar su integridad y la de cada habitante de la provincia de Buenos Aires\u201d.<\/p>\n<p>\u201cA lo largo de estos cuatro a\u00f1os entregamos 3000 patrulleros, un promedio de 60 por mes, dos por d\u00eda\u201d, afirm\u00f3 Ritondo, quien agreg\u00f3 que \u201cacudir en menor tiempo a los llamados del 911, mejorar la presencia policial en cada cuadra y estar m\u00e1s cerca de los vecinos y vecinas son algunos de los beneficios que trae aparejado el incremento de la flota de veh\u00edculos policiales\u201d.En tanto, el titular de la cartera de Seguridad sostuvo que \u201choy la Polic\u00eda es una mejor instituci\u00f3n que la que recibimos a fines de 2015. \u00c9se es un triunfo que me voy a llevar conmigo, con mi equipo y que voy a profundizar desde el lugar que me toque estar de ac\u00e1 a futuro\u201d.Por \u00faltimo, de esta ceremonia -llevada a cabo en la instituci\u00f3n ubicada en el Parque Pereyra Iraola, partido de Berazategui- tambi\u00e9n participaron el jefe de la Polic\u00eda de la provincia de Buenos Aires, comisario general Fabi\u00e1n Perroni, y autoridades ministeriales y policiales.<\/p>\n<p>Fotos: Ministerio de Seguridad de la Provincia de Buenos Aires<\/p>\n","protected":false},"excerpt":{"rendered":"<p>El ministro de Seguridad de la provincia de Buenos Aires, Cristian Ritondo, entreg\u00f3\u00a0 ayer durante una ceremonia realizada en la Escuela \u201cJuan Vucetich\u201d, 200 patrulleros que ser\u00e1n destinados a diferentes dependencias de la Polic\u00eda de la provincia de Buenos.Durante el acto, el funcionario del Gabinete de la gobernadora Mar\u00eda Eugenia Vidal destac\u00f3: \u201cme siento orgulloso [&hellip;]<\/p>\n","protected":false},"author":1,"featured_media":5440,"comment_status":"open","ping_status":"open","sticky":false,"template":"","format":"standard","meta":{"_et_pb_use_builder":"","_et_pb_old_content":"","_et_gb_content_width":"","footnotes":""},"categories":[34,13],"tags":[],"class_list":["post-5439","post","type-post","status-publish","format-standard","has-post-thumbnail","hentry","category-politica","category-provincia"],"_links":{"self":[{"href":"https:\/\/vocesdebaires.com.ar\/index.php\/wp-json\/wp\/v2\/posts\/5439"}],"collection":[{"href":"https:\/\/vocesdebaires.com.ar\/index.php\/wp-json\/wp\/v2\/posts"}],"about":[{"href":"https:\/\/vocesdebaires.com.ar\/index.php\/wp-json\/wp\/v2\/types\/post"}],"author":[{"embeddable":true,"href":"https:\/\/vocesdebaires.com.ar\/index.php\/wp-json\/wp\/v2\/users\/1"}],"replies":[{"embeddable":true,"href":"https:\/\/vocesdebaires.com.ar\/index.php\/wp-json\/wp\/v2\/comments?post=5439"}],"version-history":[{"count":0,"href":"https:\/\/vocesdebaires.com.ar\/index.php\/wp-json\/wp\/v2\/posts\/5439\/revisions"}],"wp:featuredmedia":[{"embeddable":true,"href":"https:\/\/vocesdebaires.com.ar\/index.php\/wp-json\/wp\/v2\/media\/5440"}],"wp:attachment":[{"href":"https:\/\/vocesdebaires.com.ar\/index.php\/wp-json\/wp\/v2\/media?parent=5439"}],"wp:term":[{"taxonomy":"category","embeddable":true,"href":"https:\/\/vocesdebaires.com.ar\/index.php\/wp-json\/wp\/v2\/categories?post=5439"},{"taxonomy":"post_tag","embeddable":true,"href":"https:\/\/vocesdebaires.com.ar\/index.php\/wp-json\/wp\/v2\/tags?post=5439"}],"curies":[{"name":"wp","href":"https:\/\/api.w.org\/{rel}","templated":true}]}}