{"id":5441,"date":"2019-09-19T13:27:32","date_gmt":"2019-09-19T16:27:32","guid":{"rendered":"http:\/\/vocesdebaires.com.ar\/wordpress\/index.php\/2019\/09\/19\/comuna-10-nueva-escuela-asistiran-165-chicos\/"},"modified":"2019-09-19T13:27:32","modified_gmt":"2019-09-19T16:27:32","slug":"comuna-10-nueva-escuela-asistiran-165-chicos","status":"publish","type":"post","link":"https:\/\/vocesdebaires.com.ar\/index.php\/2019\/09\/19\/comuna-10-nueva-escuela-asistiran-165-chicos\/","title":{"rendered":"Comuna 10: Nueva escuela asistir\u00e1n 165 chicos"},"content":{"rendered":"<p>El jefe de Gabinete porte\u00f1o, Felipe Miguel, y la ministra de Educaci\u00f3n e Innovaci\u00f3n, Soledad Acu\u00f1a, recorrieron la Escuela de Nivel Inicial N\u00ba5 D.E. 17 en el barrio de Villa Real, una de las 54 que se est\u00e1n inaugurando a lo largo de este per\u00edodo de gobierno en la Ciudad de Buenos Aires.\u201cCada vez que inauguramos una escuela o un jard\u00edn, como en este caso, es un motivo de alegr\u00eda compartida con toda la comunidad educativa, con padres, madres, y sobre todo, con los chicos\u201d, sostuvo el jefe de Gabinete.<\/p>\n<p>Asimismo, destac\u00f3 la importancia de que los docentes \u201csigan con estas ganas para seguir fortaleciendo la educaci\u00f3n, que es lo m\u00e1s importante, porque es la base del desarrollo del crecimiento y del progreso de todos los vecinos de la Ciudad\u201d.Por su parte, Acu\u00f1a primero marc\u00f3 que este es un establecimiento \u201cque el barrio de Villa Real estaba esperando\u201d y luego dijo: \u201cNo solamente son edificios lindos y espaciosos, sino que trabajamos adem\u00e1s de manera distinta, ense\u00f1\u00e1ndoles a los chicos desde el descubrimiento, la creatividad y el juego, con docentes que se est\u00e1n capacitando desde el d\u00eda uno\u201d.<\/p>\n<p>\u201cAdem\u00e1s incluimos educaci\u00f3n digital desde sala de cinco, porque todos los jardines tienen un atelier digital que les permite aprender desde temprano herramientas que el d\u00eda de ma\u00f1ana van a ser b\u00e1sicas para su elecci\u00f3n de vida\u201d, a\u00f1adi\u00f3.La Escuela de Nivel Inicial N\u00ba5 tiene jornada completa, con capacidad para 165 alumnos de tres a cinco a\u00f1os de edad. Abri\u00f3 sus puertas el 6 de agosto para que los chicos del barrio Villa Real puedan iniciar las clases en sus seis salas: dos de tres a\u00f1os, dos de cuatro y dos de cinco. El edificio tiene 947 m2 de superficie cubierta y 1.881 m2 de superficie descubierta.<\/p>\n<p>El nuevo jard\u00edn integral forma parte del Plan 54 Escuelas. Una vez que finalice, los vecinos van a contar con un total de 31 escuelas de Nivel Inicial, 12 de Nivel Primario y 9 de Nivel Secundario. Adem\u00e1s, el 60% de ellas est\u00e1n ubicadas en la zona sur de la Ciudad.Cuando se realicen las inauguraciones restantes para cumplir con el compromiso de Gobierno, se van a generar m\u00e1s de 9.000 vacantes nuevas para los estudiantes de la Ciudad.<\/p>\n","protected":false},"excerpt":{"rendered":"<p>El jefe de Gabinete porte\u00f1o, Felipe Miguel, y la ministra de Educaci\u00f3n e Innovaci\u00f3n, Soledad Acu\u00f1a, recorrieron la Escuela de Nivel Inicial N\u00ba5 D.E. 17 en el barrio de Villa Real, una de las 54 que se est\u00e1n inaugurando a lo largo de este per\u00edodo de gobierno en la Ciudad de Buenos Aires.\u201cCada vez que [&hellip;]<\/p>\n","protected":false},"author":1,"featured_media":5442,"comment_status":"open","ping_status":"open","sticky":false,"template":"","format":"standard","meta":{"_et_pb_use_builder":"","_et_pb_old_content":"","_et_gb_content_width":"","footnotes":""},"categories":[11,32],"tags":[],"class_list":["post-5441","post","type-post","status-publish","format-standard","has-post-thumbnail","hentry","category-ciudad","category-comunas"],"_links":{"self":[{"href":"https:\/\/vocesdebaires.com.ar\/index.php\/wp-json\/wp\/v2\/posts\/5441"}],"collection":[{"href":"https:\/\/vocesdebaires.com.ar\/index.php\/wp-json\/wp\/v2\/posts"}],"about":[{"href":"https:\/\/vocesdebaires.com.ar\/index.php\/wp-json\/wp\/v2\/types\/post"}],"author":[{"embeddable":true,"href":"https:\/\/vocesdebaires.com.ar\/index.php\/wp-json\/wp\/v2\/users\/1"}],"replies":[{"embeddable":true,"href":"https:\/\/vocesdebaires.com.ar\/index.php\/wp-json\/wp\/v2\/comments?post=5441"}],"version-history":[{"count":0,"href":"https:\/\/vocesdebaires.com.ar\/index.php\/wp-json\/wp\/v2\/posts\/5441\/revisions"}],"wp:featuredmedia":[{"embeddable":true,"href":"https:\/\/vocesdebaires.com.ar\/index.php\/wp-json\/wp\/v2\/media\/5442"}],"wp:attachment":[{"href":"https:\/\/vocesdebaires.com.ar\/index.php\/wp-json\/wp\/v2\/media?parent=5441"}],"wp:term":[{"taxonomy":"category","embeddable":true,"href":"https:\/\/vocesdebaires.com.ar\/index.php\/wp-json\/wp\/v2\/categories?post=5441"},{"taxonomy":"post_tag","embeddable":true,"href":"https:\/\/vocesdebaires.com.ar\/index.php\/wp-json\/wp\/v2\/tags?post=5441"}],"curies":[{"name":"wp","href":"https:\/\/api.w.org\/{rel}","templated":true}]}}