{"id":5449,"date":"2019-09-19T13:08:15","date_gmt":"2019-09-19T16:08:15","guid":{"rendered":"http:\/\/vocesdebaires.com.ar\/wordpress\/index.php\/2019\/09\/19\/bessone-personalidad-destacada-del-deporte\/"},"modified":"2019-09-19T13:08:15","modified_gmt":"2019-09-19T16:08:15","slug":"bessone-personalidad-destacada-del-deporte","status":"publish","type":"post","link":"https:\/\/vocesdebaires.com.ar\/index.php\/2019\/09\/19\/bessone-personalidad-destacada-del-deporte\/","title":{"rendered":"Bessone Personalidad Destacada del Deporte"},"content":{"rendered":"<p>Ernesto Tito Bessone, uno de los corredores que integran la n\u00f3mina de los m\u00e1s ganadores y exitosos de la historia del automovilismo argentino, recibi\u00f3 ayer por la tarde el diploma como Personalidad Destacada del Deporte de la Ciudad. La iniciativa de la\u00a0legisladora \u00a0Paola Michielotto (VJ) ponder\u00f3 no solo sus logros dentro de la pista sino sus cualidades como persona. &quot;Pasi\u00f3n, talento, disciplina, profesionalismo son algunas de las palabras que definen a Bessone&quot;, manifest\u00f3 la legisladora Michielotto al iniciar el acto en el Sal\u00f3n Dorado de la Legislatura. &quot;Es un referente y fuente de inspiraci\u00f3n para grandes corredores. Es un buen compa\u00f1ero dentro y fuera del circuito&quot;, agreg\u00f3 la legisladora, que estuvo acompa\u00f1ada por el legislador\u00a0 Daniel Del Sol (VJ), coautor de la distinci\u00f3n.<\/p>\n<p>Luego de recibir el diploma, Bessone agradeci\u00f3 el reconocimiento y dej\u00f3 un mensaje: &quot;Todos tenemos que trabajar para que el automovilismo retome la pasi\u00f3n de otras \u00e9pocas&quot;. Adem\u00e1s aconsej\u00f3 a los nuevos pilotos: \u201cSi quieren triunfar tienen que dejar cosas de lado, porque este es un deporte de mucha exigencia f\u00edsica&quot;. Bessone es el \u00fanico piloto en la historia de este deporte que obtuvo al menos un t\u00edtulo en cada una de las categor\u00edas m\u00e1s destacadas del automovilismo nacional: Turismo Carretera, TC 2000, Top Race y Turismo Nacional. Adem\u00e1s fue campe\u00f3n de categor\u00edas que ya no existen: Supercart y Club Argentino de Pilotos (en tres oportunidades).<\/p>\n<p>El piloto de 40 a\u00f1os de trayectoria dej\u00f3 la actividad en 2009, pero su pasi\u00f3n por el automovilismo y el cari\u00f1o del p\u00fablico lo llevaron a tomar la decisi\u00f3n de regresar a las pistas en 2013. El experimentado piloto oriundo de Mataderos se despidi\u00f3 oficialmente del Turismo Nacional en la carrera del pasado domingo 4 de agosto, en Ober\u00e1 (Misiones), para dedicarse por completo a la conducci\u00f3n de su equipo en la Clase 3 de la categor\u00eda. En la ceremonia estuvieron presentes autoridades de la Asociaci\u00f3n Corredores Turismo Carretera, de la Asociaci\u00f3n Argentina de Volantes, ex corredores, patrocinadores y personalidades del ambiente automovil\u00edstico.<\/p>\n","protected":false},"excerpt":{"rendered":"<p>Ernesto Tito Bessone, uno de los corredores que integran la n\u00f3mina de los m\u00e1s ganadores y exitosos de la historia del automovilismo argentino, recibi\u00f3 ayer por la tarde el diploma como Personalidad Destacada del Deporte de la Ciudad. La iniciativa de la\u00a0legisladora \u00a0Paola Michielotto (VJ) ponder\u00f3 no solo sus logros dentro de la pista sino [&hellip;]<\/p>\n","protected":false},"author":1,"featured_media":5450,"comment_status":"open","ping_status":"open","sticky":false,"template":"","format":"standard","meta":{"_et_pb_use_builder":"","_et_pb_old_content":"","_et_gb_content_width":"","footnotes":""},"categories":[11,33],"tags":[],"class_list":["post-5449","post","type-post","status-publish","format-standard","has-post-thumbnail","hentry","category-ciudad","category-sociedad-y-cultura-2"],"_links":{"self":[{"href":"https:\/\/vocesdebaires.com.ar\/index.php\/wp-json\/wp\/v2\/posts\/5449"}],"collection":[{"href":"https:\/\/vocesdebaires.com.ar\/index.php\/wp-json\/wp\/v2\/posts"}],"about":[{"href":"https:\/\/vocesdebaires.com.ar\/index.php\/wp-json\/wp\/v2\/types\/post"}],"author":[{"embeddable":true,"href":"https:\/\/vocesdebaires.com.ar\/index.php\/wp-json\/wp\/v2\/users\/1"}],"replies":[{"embeddable":true,"href":"https:\/\/vocesdebaires.com.ar\/index.php\/wp-json\/wp\/v2\/comments?post=5449"}],"version-history":[{"count":0,"href":"https:\/\/vocesdebaires.com.ar\/index.php\/wp-json\/wp\/v2\/posts\/5449\/revisions"}],"wp:featuredmedia":[{"embeddable":true,"href":"https:\/\/vocesdebaires.com.ar\/index.php\/wp-json\/wp\/v2\/media\/5450"}],"wp:attachment":[{"href":"https:\/\/vocesdebaires.com.ar\/index.php\/wp-json\/wp\/v2\/media?parent=5449"}],"wp:term":[{"taxonomy":"category","embeddable":true,"href":"https:\/\/vocesdebaires.com.ar\/index.php\/wp-json\/wp\/v2\/categories?post=5449"},{"taxonomy":"post_tag","embeddable":true,"href":"https:\/\/vocesdebaires.com.ar\/index.php\/wp-json\/wp\/v2\/tags?post=5449"}],"curies":[{"name":"wp","href":"https:\/\/api.w.org\/{rel}","templated":true}]}}