{"id":5451,"date":"2019-09-19T13:04:05","date_gmt":"2019-09-19T16:04:05","guid":{"rendered":"http:\/\/vocesdebaires.com.ar\/wordpress\/index.php\/2019\/09\/19\/detuvieron-robacables-cortaban-la-luz-con-pala\/"},"modified":"2019-09-19T13:04:05","modified_gmt":"2019-09-19T16:04:05","slug":"detuvieron-robacables-cortaban-la-luz-con-pala","status":"publish","type":"post","link":"https:\/\/vocesdebaires.com.ar\/index.php\/2019\/09\/19\/detuvieron-robacables-cortaban-la-luz-con-pala\/","title":{"rendered":"Detuvieron &quot;robacables\u201d: Cortaban  la  luz con pala"},"content":{"rendered":"<p>La Polic\u00eda de la Ciudad detuvo en diferentes hechos, a dos delincuentes dedicados al robo de cables. El primero provoc\u00f3 un corte de luz al intentar sustraer el cableado en cercan\u00edas al Congreso, en el barrio de Balvanera, mientras que el segundo ladr\u00f3n fue capturado huyendo con cables robados del alumbrado p\u00fablico del Paseo del Bajo en Puerto Madero.En el primero de los casos ocurrido el martes pasado en horas de la tarde, un hombre de nacionalidad paraguaya de 42 a\u00f1os de edad, realiz\u00f3 un pozo para sustraer los cables el\u00e9ctricos subterr\u00e1neos. Al cortar los mismos con una pala, provoc\u00f3 un corte de luz de magnitud.<\/p>\n<p>Personal de la Comisar\u00eda Vecinal 3 A de la Polic\u00eda de la Ciudad que se encontraba en tareas de despliegue territorial, escuch\u00f3 la explosi\u00f3n y observ\u00f3 una nube de humo, por lo que r\u00e1pidamente se acerc\u00f3 al lugar y en la esquina de las calles Moreno y Pasco, observ\u00f3 al sujeto que intentaba escaparse de all\u00ed con la pala y una mochila con herramientas. Al ser demorado no pudo explicar su presencia en el lugar.Debido al corte del cableado se interrumpi\u00f3 el suministro el\u00e9ctrico de la zona en varias cuadras, incluyendo los sem\u00e1foros y el Hospital del Centro Gallego. Al consultar con la Fiscal\u00eda Criminal y Correccional N\u00b0 26 a cargo del Dr. L\u00f3pez, Secretar\u00eda \u00danica a cargo del Dr. Costas, se dispuso el traslado del delincuente a la Comisar\u00eda 3 A.<\/p>\n<p>En el segundo hecho registrado en la noche del s\u00e1bado, personal del Servicio de Autopistas fue alertado por un llamado al 911, sobre un ladr\u00f3n que estaba sustrayendo varios metros de cable del alumbrado p\u00fablico del Paseo del Bajo en una estaci\u00f3n subterr\u00e1nea en el barrio de Puerto Madero.R\u00e1pidamente los oficiales de la Polic\u00eda de la Ciudad, se dirigieron al lugar logrando detener al individuo a la altura de la calle Venezuela quien hu\u00eda con los cables en su poder.La causa qued\u00f3 a cargo del Juzgado Criminal y Correccional N\u00ba 26, a cargo del Dr. Dami\u00e1n Kirszembaum, quien dispuso la detenci\u00f3n del involucrado, domiciliado en Olivos, por el delito de &quot;robo&quot;.<\/p>\n","protected":false},"excerpt":{"rendered":"<p>La Polic\u00eda de la Ciudad detuvo en diferentes hechos, a dos delincuentes dedicados al robo de cables. El primero provoc\u00f3 un corte de luz al intentar sustraer el cableado en cercan\u00edas al Congreso, en el barrio de Balvanera, mientras que el segundo ladr\u00f3n fue capturado huyendo con cables robados del alumbrado p\u00fablico del Paseo del [&hellip;]<\/p>\n","protected":false},"author":1,"featured_media":5452,"comment_status":"open","ping_status":"open","sticky":false,"template":"","format":"standard","meta":{"_et_pb_use_builder":"","_et_pb_old_content":"","_et_gb_content_width":"","footnotes":""},"categories":[11,32],"tags":[],"class_list":["post-5451","post","type-post","status-publish","format-standard","has-post-thumbnail","hentry","category-ciudad","category-comunas"],"_links":{"self":[{"href":"https:\/\/vocesdebaires.com.ar\/index.php\/wp-json\/wp\/v2\/posts\/5451"}],"collection":[{"href":"https:\/\/vocesdebaires.com.ar\/index.php\/wp-json\/wp\/v2\/posts"}],"about":[{"href":"https:\/\/vocesdebaires.com.ar\/index.php\/wp-json\/wp\/v2\/types\/post"}],"author":[{"embeddable":true,"href":"https:\/\/vocesdebaires.com.ar\/index.php\/wp-json\/wp\/v2\/users\/1"}],"replies":[{"embeddable":true,"href":"https:\/\/vocesdebaires.com.ar\/index.php\/wp-json\/wp\/v2\/comments?post=5451"}],"version-history":[{"count":0,"href":"https:\/\/vocesdebaires.com.ar\/index.php\/wp-json\/wp\/v2\/posts\/5451\/revisions"}],"wp:featuredmedia":[{"embeddable":true,"href":"https:\/\/vocesdebaires.com.ar\/index.php\/wp-json\/wp\/v2\/media\/5452"}],"wp:attachment":[{"href":"https:\/\/vocesdebaires.com.ar\/index.php\/wp-json\/wp\/v2\/media?parent=5451"}],"wp:term":[{"taxonomy":"category","embeddable":true,"href":"https:\/\/vocesdebaires.com.ar\/index.php\/wp-json\/wp\/v2\/categories?post=5451"},{"taxonomy":"post_tag","embeddable":true,"href":"https:\/\/vocesdebaires.com.ar\/index.php\/wp-json\/wp\/v2\/tags?post=5451"}],"curies":[{"name":"wp","href":"https:\/\/api.w.org\/{rel}","templated":true}]}}