{"id":54685,"date":"2025-10-31T12:31:31","date_gmt":"2025-10-31T15:31:31","guid":{"rendered":"https:\/\/vocesdebaires.com.ar\/?p=54685"},"modified":"2025-10-31T12:31:31","modified_gmt":"2025-10-31T15:31:31","slug":"cameel-gobierno-prorrogaplanes-sociales-con-trabajo-rural-registrado","status":"publish","type":"post","link":"https:\/\/vocesdebaires.com.ar\/index.php\/2025\/10\/31\/cameel-gobierno-prorrogaplanes-sociales-con-trabajo-rural-registrado\/","title":{"rendered":"CAME:El Gobierno prorroga,planes sociales con trabajo rural registrado"},"content":{"rendered":"<p>La Confederaci\u00f3n Argentina de la Mediana Empresa (CAME) celebra la pr\u00f3rroga por un a\u00f1o del Decreto 514\/2021, y sus normas complementarias y aclaratorias, que compatibilizan los planes y programas sociales con el trabajo rural registrado, un hist\u00f3rico reclamo de la entidad pyme. \u201cEsta medida trae alivio al sector, ya que varias producciones regionales est\u00e1n iniciando la cosecha y necesitan contar con disponibilidad de mano de obra\u201d, asegur\u00f3 Eduardo Rodr\u00edguez, director del \u00e1rea de Econom\u00edas Regionales de CAME. Y agreg\u00f3: \u201cUna vez m\u00e1s, logramos la pr\u00f3rroga tras trabajar articuladamente con el sector p\u00fablico, m\u00e1s precisamente con el diputado nacional y secretario general de la Federaci\u00f3n de Trabajadores Rurales, Estibadores y Frutihort\u00edcolas Unidos (FATREFU), Pablo Miguel Ansaloni, quien comprendi\u00f3 y atendi\u00f3 nuestra demanda. Necesitamos recuperar la cultura del trabajo en el agro\u201d.Desde CAME se busca que la compatibilizaci\u00f3n, que beneficia tanto al productor agropecuario como al trabajador rural y al Estado, se transforme en ley. Es por eso que present\u00f3 un proyecto junto a la senadora nacional Nora del Valle Gim\u00e9nez, que espera pronto tratamiento.<\/p>\n","protected":false},"excerpt":{"rendered":"<p>La Confederaci\u00f3n Argentina de la Mediana Empresa (CAME) celebra la pr\u00f3rroga por un a\u00f1o del Decreto 514\/2021, y sus normas complementarias y aclaratorias, que compatibilizan los planes y programas sociales con el trabajo rural registrado, un hist\u00f3rico reclamo de la entidad pyme. \u201cEsta medida trae alivio al sector, ya que varias producciones regionales est\u00e1n iniciando [&hellip;]<\/p>\n","protected":false},"author":2,"featured_media":53655,"comment_status":"open","ping_status":"open","sticky":false,"template":"","format":"standard","meta":{"_et_pb_use_builder":"","_et_pb_old_content":"","_et_gb_content_width":"","footnotes":""},"categories":[12,34],"tags":[],"class_list":["post-54685","post","type-post","status-publish","format-standard","has-post-thumbnail","hentry","category-nacion","category-politica"],"_links":{"self":[{"href":"https:\/\/vocesdebaires.com.ar\/index.php\/wp-json\/wp\/v2\/posts\/54685"}],"collection":[{"href":"https:\/\/vocesdebaires.com.ar\/index.php\/wp-json\/wp\/v2\/posts"}],"about":[{"href":"https:\/\/vocesdebaires.com.ar\/index.php\/wp-json\/wp\/v2\/types\/post"}],"author":[{"embeddable":true,"href":"https:\/\/vocesdebaires.com.ar\/index.php\/wp-json\/wp\/v2\/users\/2"}],"replies":[{"embeddable":true,"href":"https:\/\/vocesdebaires.com.ar\/index.php\/wp-json\/wp\/v2\/comments?post=54685"}],"version-history":[{"count":1,"href":"https:\/\/vocesdebaires.com.ar\/index.php\/wp-json\/wp\/v2\/posts\/54685\/revisions"}],"predecessor-version":[{"id":54686,"href":"https:\/\/vocesdebaires.com.ar\/index.php\/wp-json\/wp\/v2\/posts\/54685\/revisions\/54686"}],"wp:featuredmedia":[{"embeddable":true,"href":"https:\/\/vocesdebaires.com.ar\/index.php\/wp-json\/wp\/v2\/media\/53655"}],"wp:attachment":[{"href":"https:\/\/vocesdebaires.com.ar\/index.php\/wp-json\/wp\/v2\/media?parent=54685"}],"wp:term":[{"taxonomy":"category","embeddable":true,"href":"https:\/\/vocesdebaires.com.ar\/index.php\/wp-json\/wp\/v2\/categories?post=54685"},{"taxonomy":"post_tag","embeddable":true,"href":"https:\/\/vocesdebaires.com.ar\/index.php\/wp-json\/wp\/v2\/tags?post=54685"}],"curies":[{"name":"wp","href":"https:\/\/api.w.org\/{rel}","templated":true}]}}