{"id":54744,"date":"2025-11-06T00:20:28","date_gmt":"2025-11-06T03:20:28","guid":{"rendered":"https:\/\/vocesdebaires.com.ar\/?p=54744"},"modified":"2025-11-06T00:20:28","modified_gmt":"2025-11-06T03:20:28","slug":"camese-realizo-una-reunio-con-el-secretario-pablo-lavigne","status":"publish","type":"post","link":"https:\/\/vocesdebaires.com.ar\/index.php\/2025\/11\/06\/camese-realizo-una-reunio-con-el-secretario-pablo-lavigne\/","title":{"rendered":"CAME:Se realizo una reuni\u00f3 con el secretario Pablo Lavigne"},"content":{"rendered":"<p>Una comitiva de la Confederaci\u00f3n Argentina de la Mediana Empresa (CAME), encabezada por su presidente, Ricardo Diab, se reuni\u00f3 con el secretario de Coordinaci\u00f3n de Producci\u00f3n de la Naci\u00f3n, Pablo Lavigne, para presentarle propuestas para los sectores del comercio, la industria y las econom\u00edas regionales. Adem\u00e1s, le mencionaron sugerencias en favor de las pymes ante las inminentes reformas, la laboral y la tributaria. Entre los temas planteados para las peque\u00f1as y medianas empresas, se destacaron:<\/p>\n<p>Comercio: para este sector se hizo hincapi\u00e9 en la transparencia financiera en operaciones en cuotas con tarjetas de cr\u00e9dito, en la necesidad de est\u00edmulo al consumo, y en la deslealtad comercial \/ posici\u00f3n dominante, entre otros. Industria: se pidi\u00f3 por cuestiones impositivas, energ\u00e9ticas, de importaciones y exportaciones, y se manifest\u00f3 la preocupaci\u00f3n por la problem\u00e1tica del contrabando y el fraude marcario.<\/p>\n<p>Econom\u00edas regionales: se resalt\u00f3 la extensi\u00f3n de la compatibilidad de los planes sociales con el trabajo rural registrado. En otro orden, se solicit\u00f3 reducir los costos laborales y energ\u00e9ticos, y una baja en la presi\u00f3n tributaria. Reforma laboral: se expresaron propuestas para la baja de la litigiosidad y los riesgos judiciales.<br \/>\nReforma tributaria: se plante\u00f3 la necesidad de un nuevo consenso fiscal, y de un padr\u00f3n \u00fanico con reglas de contraprestaci\u00f3n para las tasas y tributos municipales.<\/p>\n<p>Por otra parte, durante el encuentro los directivos de CAME le comentaron al secretario que ma\u00f1ana se realizar\u00e1 en la sede de la entidad pyme la jornada \u201cAbriendo mercados: encuentro de negocios Argentina-Brasil\u201d. La actividad contar\u00e1 con empresarios pymes argentinos y brasile\u00f1os con el fin de incrementar la comercializaci\u00f3n de productos nacionales en el estado de Paran\u00e1, en el sur de Brasil.<\/p>\n<p>A su vez, las autoridades de la entidad pyme se\u00f1alaron que trabajan junto con la Agencia Argentina de Inversiones y Comercio Internacional (AAICI) en la misi\u00f3n 2026 de CAME en Brasil. Se propondr\u00e1 la incorporaci\u00f3n de la ExpoApras \u2013la feria supermercadista m\u00e1s grande del sur de Brasil, que se lleva a cabo en la ciudad de Curitiba\u2013 como parte del calendario oficial de ferias en mercados internacionales. De la reuni\u00f3n con Lavigne tambi\u00e9n participaron la secretaria general de CAME, Beatriz Tourn, y el secretario general, Blas Taladrid.<\/p>\n","protected":false},"excerpt":{"rendered":"<p>Una comitiva de la Confederaci\u00f3n Argentina de la Mediana Empresa (CAME), encabezada por su presidente, Ricardo Diab, se reuni\u00f3 con el secretario de Coordinaci\u00f3n de Producci\u00f3n de la Naci\u00f3n, Pablo Lavigne, para presentarle propuestas para los sectores del comercio, la industria y las econom\u00edas regionales. Adem\u00e1s, le mencionaron sugerencias en favor de las pymes ante [&hellip;]<\/p>\n","protected":false},"author":2,"featured_media":53655,"comment_status":"open","ping_status":"open","sticky":false,"template":"","format":"standard","meta":{"_et_pb_use_builder":"","_et_pb_old_content":"","_et_gb_content_width":"","footnotes":""},"categories":[12,34],"tags":[],"class_list":["post-54744","post","type-post","status-publish","format-standard","has-post-thumbnail","hentry","category-nacion","category-politica"],"_links":{"self":[{"href":"https:\/\/vocesdebaires.com.ar\/index.php\/wp-json\/wp\/v2\/posts\/54744"}],"collection":[{"href":"https:\/\/vocesdebaires.com.ar\/index.php\/wp-json\/wp\/v2\/posts"}],"about":[{"href":"https:\/\/vocesdebaires.com.ar\/index.php\/wp-json\/wp\/v2\/types\/post"}],"author":[{"embeddable":true,"href":"https:\/\/vocesdebaires.com.ar\/index.php\/wp-json\/wp\/v2\/users\/2"}],"replies":[{"embeddable":true,"href":"https:\/\/vocesdebaires.com.ar\/index.php\/wp-json\/wp\/v2\/comments?post=54744"}],"version-history":[{"count":1,"href":"https:\/\/vocesdebaires.com.ar\/index.php\/wp-json\/wp\/v2\/posts\/54744\/revisions"}],"predecessor-version":[{"id":54745,"href":"https:\/\/vocesdebaires.com.ar\/index.php\/wp-json\/wp\/v2\/posts\/54744\/revisions\/54745"}],"wp:featuredmedia":[{"embeddable":true,"href":"https:\/\/vocesdebaires.com.ar\/index.php\/wp-json\/wp\/v2\/media\/53655"}],"wp:attachment":[{"href":"https:\/\/vocesdebaires.com.ar\/index.php\/wp-json\/wp\/v2\/media?parent=54744"}],"wp:term":[{"taxonomy":"category","embeddable":true,"href":"https:\/\/vocesdebaires.com.ar\/index.php\/wp-json\/wp\/v2\/categories?post=54744"},{"taxonomy":"post_tag","embeddable":true,"href":"https:\/\/vocesdebaires.com.ar\/index.php\/wp-json\/wp\/v2\/tags?post=54744"}],"curies":[{"name":"wp","href":"https:\/\/api.w.org\/{rel}","templated":true}]}}