{"id":55021,"date":"2025-12-10T12:31:12","date_gmt":"2025-12-10T15:31:12","guid":{"rendered":"https:\/\/vocesdebaires.com.ar\/?p=55021"},"modified":"2025-12-10T12:33:13","modified_gmt":"2025-12-10T15:33:13","slug":"cadamurgente-reforma-laboralprotejer-a-los-empleados-y-a-las-pymes","status":"publish","type":"post","link":"https:\/\/vocesdebaires.com.ar\/index.php\/2025\/12\/10\/cadamurgente-reforma-laboralprotejer-a-los-empleados-y-a-las-pymes\/","title":{"rendered":"CADAM:Reforma laboral,proteger  para empleados y pymes"},"content":{"rendered":"<p>La C\u00e1mara Argentina de Distribuidores y Autoservicios Mayoristas (CADAM) pide una urgente reforma laboral que proteja a los empleados y a las pymes de los intereses encubiertos en las paritarias. \u00abBasta de esconderse detr\u00e1s de un recibo de sueldo o un ticket de venta\u00bb, exclamaron y sugieren que ciertos aportes obligatorios y solidarios pasen a ser parte del salario del trabajador.<\/p>\n<p>El ejemplo paradigm\u00e1tico es el aporte obligatorio al Instituto Argentino de Capacitaci\u00f3n Profesional (INACAP), por el cual el empleador debe aportar el equivalente al 0,5% del salario de la categor\u00eda Maestranza A por cada trabajador, que se redistribuyen en gran parte entre la C\u00e1mara Argentina de Comercio (CAC) y la Confederaci\u00f3n Argentina de la Mediana Empresa (CAME), bajo el pretexto de capacitaci\u00f3n y fortalecimiento institucional. Es decir que, con cada aumento paritario, se \u201cautobenefican\u201d con mayor recaudaci\u00f3n, porque son precisamente los que participan de la mesa paritaria.<\/p>\n<p>Es por eso que por una medida impulsada por el Ministro de Desregulaci\u00f3n y Transformaci\u00f3n del Estado de la Naci\u00f3n, Federico Sturzenegger, mediante el Decreto 149\/2025, se estableci\u00f3 que \u00abLas Convenciones Colectivas de Trabajo no podr\u00e1n imponer aportes, contribuciones o cualquier otro tipo de carga econ\u00f3mica en beneficio de las c\u00e1maras, asociaciones o agrupaciones de empleadores a cargo de no asociados o afiliados a dichas entidades, salvo que dichas cargas resultaren aceptadas voluntariamente por estos \u00faltimos.<\/p>\n<p>La imposici\u00f3n en curso o la aceptaci\u00f3n a que se refiere la \u00faltima parte del p\u00e1rrafo anterior podr\u00e1 ser revocada libremente, y en cualquier oportunidad, mediante simple comunicaci\u00f3n fehaciente a la entidad correspondiente\u00bb.Pero mediante una medida cautelar impulsada precisamente por el Instituto Argentino de Capacitaci\u00f3n Profesional y Tecnol\u00f3gica para el Comercio (INACAP) argumentaron que es un instituto \u00abindependiente\u00bb y que por ende no est\u00e1 alcanzada por dicha medida y sigue vigente. En el marco de esa causa, declararon que recaudan m\u00e1s de $30 mil millones al a\u00f1o.<\/p>\n<p>Pero no es el \u00fanico aporte que se beneficia con cada aumento paritario. Tambi\u00e9n se incrementa el seguro complementario de retiro obligatorio La Estrella que desde Junio de 2025 representa el 1,6% del salario del trabajador. Y eso no es todo, contin\u00faa la queja de los empresarios por la Contribuci\u00f3n Solidaria por COVID-19 a la obra social OSECAC, vigente desde el convenio colectivo de abril de 2021, en plena pandemia, pero que se sigue cobrando hasta hoy por empleado, incluso si el trabajador no est\u00e1 afiliado a la obra social OSECAC y ya no est\u00e9 vigente la pandemia.<\/p>\n<p><strong>Rechazo a la Paritaria de Comercio:<\/strong><br \/>\nLa Federaci\u00f3n de Empleados de Comercio y Servicios (FAECyS) junto a la C\u00e1mara Argentina de Comercio y Servicios (CAC), la Confederaci\u00f3n Argentina de la Mediana Empresa (CAME) y la Uni\u00f3n de Entidades Comerciales Argentinas (UDECA), acordaron un nuevo incremento salarial, que representa tambi\u00e9n una mayor recaudaci\u00f3n para el INACAP y el Seguro La Estrella que encarecen los costos laborales, impactando en la competitividad a las empresas, promoviendo la informalidad laboral y hasta el consumidor, porque se trasladan a precios.<\/p>\n<p>\u00abNo nos sentimos representados, nos pasan la cuenta de una mesa de la que no formamos parte\u00bb, respondieron desde CADAM al nuevo acuerdo que alcanza a 1,2 millones de trabajadores y es el m\u00e1s grande del pa\u00eds, porque incluye incrementos de aportes obligatorios como al pol\u00e9mico Instituto Argentino de Capacitaci\u00f3n Profesional y Tecnol\u00f3gica para el Comercio (INACAP), incluso cuando el trabajador no reciba ninguna capacitaci\u00f3n.<\/p>\n<p>\u00abBasta de esconderse detr\u00e1s de un recibo de sueldo o un ticket de venta\u00bb, exclamaron los mayoristas y sugieren que esos importes pasen a ser parte del salario del trabajador. Tambi\u00e9n insisten en que deben ser parte de la mesa paritaria. \u00abNo nos sentimos representados, nos pasan la cuenta de una mesa de la que no formamos parte\u00bb, expresaron los mayoristas y agregaron: \u00abNo entendemos por qu\u00e9 el Secretario de Trabajo no nos deja sentar en la mesa paritaria\u00bb<\/p>\n","protected":false},"excerpt":{"rendered":"<p>La C\u00e1mara Argentina de Distribuidores y Autoservicios Mayoristas (CADAM) pide una urgente reforma laboral que proteja a los empleados y a las pymes de los intereses encubiertos en las paritarias. \u00abBasta de esconderse detr\u00e1s de un recibo de sueldo o un ticket de venta\u00bb, exclamaron y sugieren que ciertos aportes obligatorios y solidarios pasen a [&hellip;]<\/p>\n","protected":false},"author":3,"featured_media":55022,"comment_status":"open","ping_status":"open","sticky":false,"template":"","format":"standard","meta":{"_et_pb_use_builder":"","_et_pb_old_content":"","_et_gb_content_width":"","footnotes":""},"categories":[12,34],"tags":[],"class_list":["post-55021","post","type-post","status-publish","format-standard","has-post-thumbnail","hentry","category-nacion","category-politica"],"_links":{"self":[{"href":"https:\/\/vocesdebaires.com.ar\/index.php\/wp-json\/wp\/v2\/posts\/55021"}],"collection":[{"href":"https:\/\/vocesdebaires.com.ar\/index.php\/wp-json\/wp\/v2\/posts"}],"about":[{"href":"https:\/\/vocesdebaires.com.ar\/index.php\/wp-json\/wp\/v2\/types\/post"}],"author":[{"embeddable":true,"href":"https:\/\/vocesdebaires.com.ar\/index.php\/wp-json\/wp\/v2\/users\/3"}],"replies":[{"embeddable":true,"href":"https:\/\/vocesdebaires.com.ar\/index.php\/wp-json\/wp\/v2\/comments?post=55021"}],"version-history":[{"count":3,"href":"https:\/\/vocesdebaires.com.ar\/index.php\/wp-json\/wp\/v2\/posts\/55021\/revisions"}],"predecessor-version":[{"id":55025,"href":"https:\/\/vocesdebaires.com.ar\/index.php\/wp-json\/wp\/v2\/posts\/55021\/revisions\/55025"}],"wp:featuredmedia":[{"embeddable":true,"href":"https:\/\/vocesdebaires.com.ar\/index.php\/wp-json\/wp\/v2\/media\/55022"}],"wp:attachment":[{"href":"https:\/\/vocesdebaires.com.ar\/index.php\/wp-json\/wp\/v2\/media?parent=55021"}],"wp:term":[{"taxonomy":"category","embeddable":true,"href":"https:\/\/vocesdebaires.com.ar\/index.php\/wp-json\/wp\/v2\/categories?post=55021"},{"taxonomy":"post_tag","embeddable":true,"href":"https:\/\/vocesdebaires.com.ar\/index.php\/wp-json\/wp\/v2\/tags?post=55021"}],"curies":[{"name":"wp","href":"https:\/\/api.w.org\/{rel}","templated":true}]}}