{"id":55029,"date":"2025-12-10T12:46:17","date_gmt":"2025-12-10T15:46:17","guid":{"rendered":"https:\/\/vocesdebaires.com.ar\/?p=55029"},"modified":"2025-12-10T12:46:17","modified_gmt":"2025-12-10T15:46:17","slug":"camese-firmo-la-revision-paritaria-para-la-actividad-mercantil","status":"publish","type":"post","link":"https:\/\/vocesdebaires.com.ar\/index.php\/2025\/12\/10\/camese-firmo-la-revision-paritaria-para-la-actividad-mercantil\/","title":{"rendered":"CAME:Se firm\u00f3 la revisi\u00f3n paritaria para la actividad mercantil"},"content":{"rendered":"<p>La C\u00e1mara Argentina de Comercio y Servicios (CAC), la Confederaci\u00f3n Argentina de la Mediana Empresa (CAME), la Uni\u00f3n de Entidades Comerciales Argentinas (UDECA) y la Federaci\u00f3n Argentina de Empleados de Comercio y Servicios (FAECyS) suscribieron un nuevo acuerdo en el marco de la paritaria para la actividad mercantil.<\/p>\n<p>Las partes pactaron otorgar una suma fija no remunerativa de $ 60.000 (Art. 6, Ley 24.241), en car\u00e1cter de recomposici\u00f3n, a abonarse en cada uno de los meses de diciembre, enero, febrero y marzo, y que se extingue con el pago mensual de cada una de ellas, con excepci\u00f3n de los \u00faltimos $ 60.000 \u2013correspondientes al mes de marzo de 2026\u2013 los cuales se incorporar\u00e1n a los b\u00e1sicos en su valor nominal en el mes de abril de 2026.<\/p>\n<p>Asimismo, se acord\u00f3 extender hasta el mes de marzo de 2026 inclusive la suma fija no remunerativa de $ 40.000 que hab\u00eda sido previamente acordada por las partes intervinientes el 26 de junio de 2025, en los mismos t\u00e9rminos y con los id\u00e9nticos alcances. Lo pactado tiene vigencia desde el 1\u00b0 de julio de 2025 y hasta el 30 de abril de 2026, sin perjuicio de lo cual las partes se comprometieron a reunirse en el mes de marzo de 2026 para analizar las variaciones econ\u00f3micas que pudieran haber ocurrido.<\/p>\n<p>Se aclara que los incrementos del acuerdo en cuesti\u00f3n no son vinculantes para los acuerdos salariales que pudieran suscribirse en el \u00e1mbito de la ciudad de R\u00edo Grande, provincia de Tierra del Fuego, sin perjuicio de que las sumas resultantes de los incrementos pactados constituyan el m\u00ednimo convencional vigente a partir de la homologaci\u00f3n.<\/p>\n","protected":false},"excerpt":{"rendered":"<p>La C\u00e1mara Argentina de Comercio y Servicios (CAC), la Confederaci\u00f3n Argentina de la Mediana Empresa (CAME), la Uni\u00f3n de Entidades Comerciales Argentinas (UDECA) y la Federaci\u00f3n Argentina de Empleados de Comercio y Servicios (FAECyS) suscribieron un nuevo acuerdo en el marco de la paritaria para la actividad mercantil. Las partes pactaron otorgar una suma fija [&hellip;]<\/p>\n","protected":false},"author":3,"featured_media":53655,"comment_status":"open","ping_status":"open","sticky":false,"template":"","format":"standard","meta":{"_et_pb_use_builder":"","_et_pb_old_content":"","_et_gb_content_width":"","footnotes":""},"categories":[12,34],"tags":[],"class_list":["post-55029","post","type-post","status-publish","format-standard","has-post-thumbnail","hentry","category-nacion","category-politica"],"_links":{"self":[{"href":"https:\/\/vocesdebaires.com.ar\/index.php\/wp-json\/wp\/v2\/posts\/55029"}],"collection":[{"href":"https:\/\/vocesdebaires.com.ar\/index.php\/wp-json\/wp\/v2\/posts"}],"about":[{"href":"https:\/\/vocesdebaires.com.ar\/index.php\/wp-json\/wp\/v2\/types\/post"}],"author":[{"embeddable":true,"href":"https:\/\/vocesdebaires.com.ar\/index.php\/wp-json\/wp\/v2\/users\/3"}],"replies":[{"embeddable":true,"href":"https:\/\/vocesdebaires.com.ar\/index.php\/wp-json\/wp\/v2\/comments?post=55029"}],"version-history":[{"count":1,"href":"https:\/\/vocesdebaires.com.ar\/index.php\/wp-json\/wp\/v2\/posts\/55029\/revisions"}],"predecessor-version":[{"id":55030,"href":"https:\/\/vocesdebaires.com.ar\/index.php\/wp-json\/wp\/v2\/posts\/55029\/revisions\/55030"}],"wp:featuredmedia":[{"embeddable":true,"href":"https:\/\/vocesdebaires.com.ar\/index.php\/wp-json\/wp\/v2\/media\/53655"}],"wp:attachment":[{"href":"https:\/\/vocesdebaires.com.ar\/index.php\/wp-json\/wp\/v2\/media?parent=55029"}],"wp:term":[{"taxonomy":"category","embeddable":true,"href":"https:\/\/vocesdebaires.com.ar\/index.php\/wp-json\/wp\/v2\/categories?post=55029"},{"taxonomy":"post_tag","embeddable":true,"href":"https:\/\/vocesdebaires.com.ar\/index.php\/wp-json\/wp\/v2\/tags?post=55029"}],"curies":[{"name":"wp","href":"https:\/\/api.w.org\/{rel}","templated":true}]}}