{"id":5507,"date":"2019-09-13T03:00:00","date_gmt":"2019-09-13T06:00:00","guid":{"rendered":"http:\/\/vocesdebaires.com.ar\/wordpress\/index.php\/2019\/09\/13\/villa-lugano-nuevo-centro-de-salud-n-28\/"},"modified":"2019-09-13T03:00:00","modified_gmt":"2019-09-13T06:00:00","slug":"villa-lugano-nuevo-centro-de-salud-n-28","status":"publish","type":"post","link":"https:\/\/vocesdebaires.com.ar\/index.php\/2019\/09\/13\/villa-lugano-nuevo-centro-de-salud-n-28\/","title":{"rendered":"Villa Lugano: Nuevo Centro de Salud N\u00b0 28"},"content":{"rendered":"<p>El jefe de Gabinete porte\u00f1o, Felipe Miguel, recorri\u00f3 el pasado\u00a0 mi\u00e9rcoles el nuevo Centro de Salud N\u00b0 28, ubicado en Villa Lugano. Seguimos avanzando para que todos los vecinos tengan un centro de salud a no m\u00e1s de 15 minutos en transporte p\u00fablico, expres\u00f3 Miguel. El nuevo edificio tiene una planta de 509 metros cuadrados de superficie cubierta y cuenta con 12 consultorios, una enfermer\u00eda, un vacunatorio y una farmacia, entre otras novedades. Adem\u00e1s, el Jefe de Gabinete porte\u00f1o indic\u00f3 que en \u00e9l hay profesionales capacitados para brindar la mejor salud, y destac\u00f3 los espacios destinados a pediatr\u00eda y odontolog\u00eda.<\/p>\n<p>\u00c9ste es un avance importante porque permite que todos los vecinos de la zona tengan un lugar m\u00e1s cercano para atenderse mejor, sostuvo. En esa l\u00ednea reconoci\u00f3 que esta iniciativa sigue consolidando la presencia de este nivel de atenci\u00f3n en toda la Ciudad. De la actividad tambi\u00e9n particip\u00f3 el subsecretario de Atenci\u00f3n Primaria Ambulatoria y Comunitaria, Gabriel Battistella, quien apunt\u00f3 que \u201cya se formaron cinco equipos interdisciplinarios para hacerse cargo de las distintas familias, y el asesor en Salud del Gobierno porte\u00f1o y coordinador de la Red P\u00fablica de Salud del \u00c1rea Metropolitana de Buenos Aires, Fern\u00e1n Quir\u00f3s.<\/p>\n<p>A su vez, Battistella detall\u00f3 que en el nuevo centro hay m\u00e9dicos, psic\u00f3logos, fonoaudi\u00f3logos, terapistas ocupacionales y trabajadores sociales, y explic\u00f3 c\u00f3mo ser\u00e1 el proceso para los pacientes: Cada persona que venga aqu\u00ed se presentar\u00e1 en la administraci\u00f3n, se empadronar\u00e1 para empezar su historia cl\u00ednica y se le asignar\u00e1 un grupo de profesionales, el cual va a estar a su cargo. El nuevo edificio tambi\u00e9n dispone de dos salas de espera (una para pacientes y otra para profesionales), un dep\u00f3sito de leche, un SUM, un sector de administraci\u00f3n, admisi\u00f3n y empadronamiento, un vestuario para el personal, sanitarios p\u00fablicos y \u00e1reas de apoyo t\u00e9cnico.<\/p>\n<p>Los Centros de Salud est\u00e1n orientados a la atenci\u00f3n primaria de los pacientes y ofrecen programas de protecci\u00f3n materno-infantil, salud escolar, adicciones y diabetes, entre muchos otros. En estos espacios es posible tratar los problemas de salud de la poblaci\u00f3n y derivar a hospitales a los vecinos que requieren la resoluci\u00f3n de enfermedades m\u00e1s complejas. Todos los Centros brindan atenci\u00f3n m\u00e9dica y psicol\u00f3gica, y cuentan con enfermer\u00eda, aplican vacunas, entregan medicamentos de forma gratuita y tambi\u00e9n leche en polvo para embarazadas y ni\u00f1os menores de seis a\u00f1os.<\/p>\n","protected":false},"excerpt":{"rendered":"<p>El jefe de Gabinete porte\u00f1o, Felipe Miguel, recorri\u00f3 el pasado\u00a0 mi\u00e9rcoles el nuevo Centro de Salud N\u00b0 28, ubicado en Villa Lugano. Seguimos avanzando para que todos los vecinos tengan un centro de salud a no m\u00e1s de 15 minutos en transporte p\u00fablico, expres\u00f3 Miguel. El nuevo edificio tiene una planta de 509 metros cuadrados [&hellip;]<\/p>\n","protected":false},"author":1,"featured_media":5508,"comment_status":"open","ping_status":"open","sticky":false,"template":"","format":"standard","meta":{"_et_pb_use_builder":"","_et_pb_old_content":"","_et_gb_content_width":"","footnotes":""},"categories":[11,32],"tags":[],"class_list":["post-5507","post","type-post","status-publish","format-standard","has-post-thumbnail","hentry","category-ciudad","category-comunas"],"_links":{"self":[{"href":"https:\/\/vocesdebaires.com.ar\/index.php\/wp-json\/wp\/v2\/posts\/5507"}],"collection":[{"href":"https:\/\/vocesdebaires.com.ar\/index.php\/wp-json\/wp\/v2\/posts"}],"about":[{"href":"https:\/\/vocesdebaires.com.ar\/index.php\/wp-json\/wp\/v2\/types\/post"}],"author":[{"embeddable":true,"href":"https:\/\/vocesdebaires.com.ar\/index.php\/wp-json\/wp\/v2\/users\/1"}],"replies":[{"embeddable":true,"href":"https:\/\/vocesdebaires.com.ar\/index.php\/wp-json\/wp\/v2\/comments?post=5507"}],"version-history":[{"count":0,"href":"https:\/\/vocesdebaires.com.ar\/index.php\/wp-json\/wp\/v2\/posts\/5507\/revisions"}],"wp:featuredmedia":[{"embeddable":true,"href":"https:\/\/vocesdebaires.com.ar\/index.php\/wp-json\/wp\/v2\/media\/5508"}],"wp:attachment":[{"href":"https:\/\/vocesdebaires.com.ar\/index.php\/wp-json\/wp\/v2\/media?parent=5507"}],"wp:term":[{"taxonomy":"category","embeddable":true,"href":"https:\/\/vocesdebaires.com.ar\/index.php\/wp-json\/wp\/v2\/categories?post=5507"},{"taxonomy":"post_tag","embeddable":true,"href":"https:\/\/vocesdebaires.com.ar\/index.php\/wp-json\/wp\/v2\/tags?post=5507"}],"curies":[{"name":"wp","href":"https:\/\/api.w.org\/{rel}","templated":true}]}}