{"id":5509,"date":"2019-09-13T03:00:00","date_gmt":"2019-09-13T06:00:00","guid":{"rendered":"http:\/\/vocesdebaires.com.ar\/wordpress\/index.php\/2019\/09\/13\/reconocimiento-al-instituto-industrial-luis-huergo\/"},"modified":"2019-09-13T03:00:00","modified_gmt":"2019-09-13T06:00:00","slug":"reconocimiento-al-instituto-industrial-luis-huergo","status":"publish","type":"post","link":"https:\/\/vocesdebaires.com.ar\/index.php\/2019\/09\/13\/reconocimiento-al-instituto-industrial-luis-huergo\/","title":{"rendered":"Reconocimiento al Instituto Industrial Luis Huergo"},"content":{"rendered":"<p>Por iniciativa del legislador\u00a0 Sergio Abrevaya, la Legislatura porte\u00f1a distingui\u00f3 al Instituto Industrial Luis A. Huergo en el 85\u00b0 aniversario de su fundaci\u00f3n.En presencia de autoridades de diversos \u00e1mbitos de la Ciudad, el\u00a0 legislador Abrevaya dio inicio al acto y expres\u00f3: \u201cHoy es un d\u00eda muy significativo en el que, adem\u00e1s de reconocer la trayectoria del Instituto Huergo, quiero recordar a quien fue mi mentor en la gesti\u00f3n p\u00fablica, Enrique Olivera\u201d. El lema del Instituto, &quot;Formar no solamente t\u00e9cnicos de excelencia sino hombres y mujeres de bien&quot;, se ha sostenido durante tres generaciones, dando marco a un proyecto pedag\u00f3gico que contempla el desarrollo de la autonom\u00eda del pensamiento cr\u00edtico, el respeto por la diversidad y la constante y efectiva articulaci\u00f3n entre el saber y el saber hacer.<\/p>\n<p>Fundado en el a\u00f1o 1934 por el Ingeniero Le\u00f3n Halpern junto con algunos colegas con quienes compart\u00eda la vocaci\u00f3n docente, el Instituto lleva su nombre en honor a Luis A. Huergo, primer ingeniero graduado en el pa\u00eds y primer presidente de la Sociedad Cient\u00edfica Argentina. La visi\u00f3n del Instituto Huergo se orienta al respeto y la valoraci\u00f3n de la diversidad de capacidades e inteligencias de toda su comunidad, basada en un modelo de organizaci\u00f3n flexible y una cultura colaborativa.<\/p>\n","protected":false},"excerpt":{"rendered":"<p>Por iniciativa del legislador\u00a0 Sergio Abrevaya, la Legislatura porte\u00f1a distingui\u00f3 al Instituto Industrial Luis A. Huergo en el 85\u00b0 aniversario de su fundaci\u00f3n.En presencia de autoridades de diversos \u00e1mbitos de la Ciudad, el\u00a0 legislador Abrevaya dio inicio al acto y expres\u00f3: \u201cHoy es un d\u00eda muy significativo en el que, adem\u00e1s de reconocer la trayectoria [&hellip;]<\/p>\n","protected":false},"author":1,"featured_media":5510,"comment_status":"open","ping_status":"open","sticky":false,"template":"","format":"standard","meta":{"_et_pb_use_builder":"","_et_pb_old_content":"","_et_gb_content_width":"","footnotes":""},"categories":[11,33],"tags":[],"class_list":["post-5509","post","type-post","status-publish","format-standard","has-post-thumbnail","hentry","category-ciudad","category-sociedad-y-cultura-2"],"_links":{"self":[{"href":"https:\/\/vocesdebaires.com.ar\/index.php\/wp-json\/wp\/v2\/posts\/5509"}],"collection":[{"href":"https:\/\/vocesdebaires.com.ar\/index.php\/wp-json\/wp\/v2\/posts"}],"about":[{"href":"https:\/\/vocesdebaires.com.ar\/index.php\/wp-json\/wp\/v2\/types\/post"}],"author":[{"embeddable":true,"href":"https:\/\/vocesdebaires.com.ar\/index.php\/wp-json\/wp\/v2\/users\/1"}],"replies":[{"embeddable":true,"href":"https:\/\/vocesdebaires.com.ar\/index.php\/wp-json\/wp\/v2\/comments?post=5509"}],"version-history":[{"count":0,"href":"https:\/\/vocesdebaires.com.ar\/index.php\/wp-json\/wp\/v2\/posts\/5509\/revisions"}],"wp:featuredmedia":[{"embeddable":true,"href":"https:\/\/vocesdebaires.com.ar\/index.php\/wp-json\/wp\/v2\/media\/5510"}],"wp:attachment":[{"href":"https:\/\/vocesdebaires.com.ar\/index.php\/wp-json\/wp\/v2\/media?parent=5509"}],"wp:term":[{"taxonomy":"category","embeddable":true,"href":"https:\/\/vocesdebaires.com.ar\/index.php\/wp-json\/wp\/v2\/categories?post=5509"},{"taxonomy":"post_tag","embeddable":true,"href":"https:\/\/vocesdebaires.com.ar\/index.php\/wp-json\/wp\/v2\/tags?post=5509"}],"curies":[{"name":"wp","href":"https:\/\/api.w.org\/{rel}","templated":true}]}}