{"id":554,"date":"2021-01-29T03:00:00","date_gmt":"2021-01-29T06:00:00","guid":{"rendered":"http:\/\/vocesdebaires.com.ar\/wordpress\/index.php\/2021\/01\/29\/paternal-allanamiento-por-venta-ilegal-de-autopartes\/"},"modified":"2021-01-29T03:00:00","modified_gmt":"2021-01-29T06:00:00","slug":"paternal-allanamiento-por-venta-ilegal-de-autopartes","status":"publish","type":"post","link":"https:\/\/vocesdebaires.com.ar\/index.php\/2021\/01\/29\/paternal-allanamiento-por-venta-ilegal-de-autopartes\/","title":{"rendered":"Paternal: Allanamiento por venta ilegal de autopartes"},"content":{"rendered":"<p>El procedimiento fue realizado en conjunto entre personal de Brigada de la Comuna 15 de la Polic\u00eda de la Ciudad, la Subsecretar\u00eda de Seguridad Ciudadana y la Direcci\u00f3n General de Fiscalizaci\u00f3n y Control, coordinado por la Fiscal\u00eda en lo Penal Contravencional y de Faltas n\u00famero 4, a cargo del Dr. Mauro Tereszko. Se trata de la segunda incautaci\u00f3n de autopartes ilegales que realiza la Polic\u00eda de la Ciudad en lo que va del a\u00f1o, ya que d\u00edas atr\u00e1s secuestr\u00f3 700 llantas y cubiertas en una gomer\u00eda de Villa del Parque, en parte producto de los roba ruedas.Durante todo el a\u00f1o pasado la Polic\u00eda de la Ciudad secuestr\u00f3 m\u00e1s de 300 mil piezas ilegales o prohibidas para la venta, un 64% m\u00e1s que en 2019.<\/p>\n<p>Efectivos de Brigada se encontraban realizando tareas de prevenci\u00f3n en la zona, cuando observaron que sobre la calle Manuel Rodr\u00edguez al 2300 varios hombres bajaban autopartes de una camioneta y las ingresaban a un galp\u00f3n.En consecuencia, los oficiales procedieron a identificar a los sujetos y a solicitar la documentaci\u00f3n que habilite la actividad que realizaban con las piezas de autom\u00f3viles. Adem\u00e1s, visualizaron que en el interior del galp\u00f3n hab\u00eda gran cantidad de autopartes con cortes irregulares, autos quemados y restos de los mismos junto a otras piezas mec\u00e1nicas. Tras la consulta\u00a0 la Fiscal\u00eda del doctor Tereszko y ante la Secretar\u00eda \u00danica del doctor Federico Ghisio, dispuso el procedimiento y se verifiquen las piezas.<\/p>\n<p>Se secuestraron un total de 1.130 autopartes, entre butacas, puertas, \u00f3pticas, emuladores de GNC, paragolpes, cubiertas, llantas de distintos modelos, todos elementos que no contaban con la correspondiente habilitaci\u00f3n, y muchas piezas de carrocer\u00edas y motores que ten\u00edan pedido de secuestro por parte de la Justicia Nacional. A ra\u00edz de ello el fiscal Tereszko comunic\u00f3 a las autoridades nacionales el operativo y dio intervenci\u00f3n a la Justicia Federal por el delito de ocultamiento y adulteraci\u00f3n de los n\u00fameros de registro de la propiedad automotor. Adem\u00e1s se imput\u00f3 a un hombre de 50 a\u00f1os, propietario del lugar, por infracci\u00f3n a la Ley de Desarmaderos (25.761). Los elementos fueron llevados al play\u00f3n judicial de la calle Ferr\u00e9.<\/p>\n","protected":false},"excerpt":{"rendered":"<p>El procedimiento fue realizado en conjunto entre personal de Brigada de la Comuna 15 de la Polic\u00eda de la Ciudad, la Subsecretar\u00eda de Seguridad Ciudadana y la Direcci\u00f3n General de Fiscalizaci\u00f3n y Control, coordinado por la Fiscal\u00eda en lo Penal Contravencional y de Faltas n\u00famero 4, a cargo del Dr. Mauro Tereszko. Se trata de [&hellip;]<\/p>\n","protected":false},"author":1,"featured_media":555,"comment_status":"open","ping_status":"open","sticky":false,"template":"","format":"standard","meta":{"_et_pb_use_builder":"","_et_pb_old_content":"","_et_gb_content_width":"","footnotes":""},"categories":[11,32],"tags":[],"class_list":["post-554","post","type-post","status-publish","format-standard","has-post-thumbnail","hentry","category-ciudad","category-comunas"],"_links":{"self":[{"href":"https:\/\/vocesdebaires.com.ar\/index.php\/wp-json\/wp\/v2\/posts\/554"}],"collection":[{"href":"https:\/\/vocesdebaires.com.ar\/index.php\/wp-json\/wp\/v2\/posts"}],"about":[{"href":"https:\/\/vocesdebaires.com.ar\/index.php\/wp-json\/wp\/v2\/types\/post"}],"author":[{"embeddable":true,"href":"https:\/\/vocesdebaires.com.ar\/index.php\/wp-json\/wp\/v2\/users\/1"}],"replies":[{"embeddable":true,"href":"https:\/\/vocesdebaires.com.ar\/index.php\/wp-json\/wp\/v2\/comments?post=554"}],"version-history":[{"count":0,"href":"https:\/\/vocesdebaires.com.ar\/index.php\/wp-json\/wp\/v2\/posts\/554\/revisions"}],"wp:featuredmedia":[{"embeddable":true,"href":"https:\/\/vocesdebaires.com.ar\/index.php\/wp-json\/wp\/v2\/media\/555"}],"wp:attachment":[{"href":"https:\/\/vocesdebaires.com.ar\/index.php\/wp-json\/wp\/v2\/media?parent=554"}],"wp:term":[{"taxonomy":"category","embeddable":true,"href":"https:\/\/vocesdebaires.com.ar\/index.php\/wp-json\/wp\/v2\/categories?post=554"},{"taxonomy":"post_tag","embeddable":true,"href":"https:\/\/vocesdebaires.com.ar\/index.php\/wp-json\/wp\/v2\/tags?post=554"}],"curies":[{"name":"wp","href":"https:\/\/api.w.org\/{rel}","templated":true}]}}