{"id":55575,"date":"2026-03-11T12:28:42","date_gmt":"2026-03-11T15:28:42","guid":{"rendered":"https:\/\/vocesdebaires.com.ar\/?p=55575"},"modified":"2026-03-11T12:28:42","modified_gmt":"2026-03-11T15:28:42","slug":"la-fauba-llamo-a-rechazar-la-modificacion-de-la-ley-de-glaciares","status":"publish","type":"post","link":"https:\/\/vocesdebaires.com.ar\/index.php\/2026\/03\/11\/la-fauba-llamo-a-rechazar-la-modificacion-de-la-ley-de-glaciares\/","title":{"rendered":"La FAUBA llam\u00f3 a rechazar la modificaci\u00f3n de la Ley de Glaciares"},"content":{"rendered":"<p>La Facultad de Agronom\u00eda de la Universidad de Buenos Aires (FAUBA) manifest\u00f3 su preocupaci\u00f3n por el proyecto de reforma de la Ley de Glaciares de Argentina (Ley 26.639), impulsado por el Gobierno Nacional y actualmente en debate en el Congreso.\u00a0 El Consejo Directivo de la Facultad expres\u00f3 por unanimidad su desacuerdo con la iniciativa y advirti\u00f3 que los glaciares y el ambiente periglacial cumplen funciones ecol\u00f3gicas e hidrol\u00f3gicas estrat\u00e9gicas, clave para la regulaci\u00f3n del agua, la biodiversidad, el bienestar social y el desarrollo productivo.<\/p>\n<p>En este contexto, la decana de la Facultad, Adriana Rodr\u00edguez, participar\u00e1 de la audiencia p\u00fablica y expondr\u00e1 la posici\u00f3n institucional en defensa de la normativa vigente y de la protecci\u00f3n de estos ecosistemas, considerados reservas estrat\u00e9gicas de recursos h\u00eddricos. Durante su intervenci\u00f3n en el Consejo Superior de la Universidad de Buenos Aires, Rodr\u00edguez advirti\u00f3 que modificar la ley podr\u00eda tener consecuencias directas sobre la disponibilidad de agua en amplias regiones del pa\u00eds.<\/p>\n<p>Se\u00f1al\u00f3 que los glaciares y los ambientes periglaciales cumplen un rol clave en la regulaci\u00f3n del ciclo del agua y en la recarga de las cuencas. \u201cModificar la Ley de Glaciares pone en riesgo la disponibilidad de agua para millones de personas. No se trata solo de proteger ecosistemas: hablamos de garantizar agua para consumo humano, para la producci\u00f3n y para el riego en gran parte del territorio \u00e1rido y semi\u00e1rido del pa\u00eds\u201d, alert\u00f3 Adriana Rodr\u00edguez. La resoluci\u00f3n completa del Consejo Directivo puede leerse en este link: https:\/\/noticias.agro.uba.ar\/sites\/default\/files\/archivos\/res-fauba-ley-de-glaciares.pdf<\/p>\n","protected":false},"excerpt":{"rendered":"<p>La Facultad de Agronom\u00eda de la Universidad de Buenos Aires (FAUBA) manifest\u00f3 su preocupaci\u00f3n por el proyecto de reforma de la Ley de Glaciares de Argentina (Ley 26.639), impulsado por el Gobierno Nacional y actualmente en debate en el Congreso.\u00a0 El Consejo Directivo de la Facultad expres\u00f3 por unanimidad su desacuerdo con la iniciativa y [&hellip;]<\/p>\n","protected":false},"author":3,"featured_media":55576,"comment_status":"open","ping_status":"open","sticky":false,"template":"","format":"standard","meta":{"_et_pb_use_builder":"","_et_pb_old_content":"","_et_gb_content_width":"","footnotes":""},"categories":[12,34],"tags":[],"class_list":["post-55575","post","type-post","status-publish","format-standard","has-post-thumbnail","hentry","category-nacion","category-politica"],"_links":{"self":[{"href":"https:\/\/vocesdebaires.com.ar\/index.php\/wp-json\/wp\/v2\/posts\/55575"}],"collection":[{"href":"https:\/\/vocesdebaires.com.ar\/index.php\/wp-json\/wp\/v2\/posts"}],"about":[{"href":"https:\/\/vocesdebaires.com.ar\/index.php\/wp-json\/wp\/v2\/types\/post"}],"author":[{"embeddable":true,"href":"https:\/\/vocesdebaires.com.ar\/index.php\/wp-json\/wp\/v2\/users\/3"}],"replies":[{"embeddable":true,"href":"https:\/\/vocesdebaires.com.ar\/index.php\/wp-json\/wp\/v2\/comments?post=55575"}],"version-history":[{"count":1,"href":"https:\/\/vocesdebaires.com.ar\/index.php\/wp-json\/wp\/v2\/posts\/55575\/revisions"}],"predecessor-version":[{"id":55577,"href":"https:\/\/vocesdebaires.com.ar\/index.php\/wp-json\/wp\/v2\/posts\/55575\/revisions\/55577"}],"wp:featuredmedia":[{"embeddable":true,"href":"https:\/\/vocesdebaires.com.ar\/index.php\/wp-json\/wp\/v2\/media\/55576"}],"wp:attachment":[{"href":"https:\/\/vocesdebaires.com.ar\/index.php\/wp-json\/wp\/v2\/media?parent=55575"}],"wp:term":[{"taxonomy":"category","embeddable":true,"href":"https:\/\/vocesdebaires.com.ar\/index.php\/wp-json\/wp\/v2\/categories?post=55575"},{"taxonomy":"post_tag","embeddable":true,"href":"https:\/\/vocesdebaires.com.ar\/index.php\/wp-json\/wp\/v2\/tags?post=55575"}],"curies":[{"name":"wp","href":"https:\/\/api.w.org\/{rel}","templated":true}]}}